{"id":56701,"date":"2016-11-30T07:25:58","date_gmt":"2016-11-30T10:25:58","guid":{"rendered":"http:\/\/argentinamunicipal.com.ar\/argentina\/?p=56701"},"modified":"2016-11-30T07:58:57","modified_gmt":"2016-11-30T10:58:57","slug":"milagro-sala-la-oea-pidio-inmediata-liberacion","status":"publish","type":"post","link":"http:\/\/argentinamunicipal.com.ar\/argentina\/milagro-sala-la-oea-pidio-inmediata-liberacion\/","title":{"rendered":"Milagro Sala: la OEA pidi\u00f3 su \u00abinmediata\u00bb liberaci\u00f3n"},"content":{"rendered":"<p>El titular del organismo, Luis Almagro, reclam\u00f3 al Estado argentino que cumpla con los acuerdos internacionales y libere a la dirigente social.<\/p>\n<p>El secretario general de la OEA, Luis Almagro, respondi\u00f3 ayer a la carta que le env\u00edo la l\u00edder de la organizaci\u00f3n T\u00fapac Amaru, Milagro Sala, en la que le solicitaba que intervenga en su caso y reclam\u00f3 \u00absu inmediata liberaci\u00f3n\u00bb.<\/p>\n<p>A trav\u00e9s de una carta que hizo p\u00fablica en su cuenta de Twitter, Almagro sostiene que comparte \u00abla preocupaci\u00f3n del Comit\u00e9 sobre Detenciones Arbitrarias de la ONU\u00bb y se\u00f1al\u00f3: \u00abEl m\u00e1s firme apego al pleno respeto de los derechos civiles y pol\u00edticos, a la libertad de expresi\u00f3n, as\u00ed como las garant\u00edas del debido proceso y al no abuso del instituto de la prisi\u00f3n preventiva me convencen de la necesidad de su inmediata liberaci\u00f3n\u00bb.<\/p>\n<p>\u00abSe suma a lo anterior su condici\u00f3n de parlamentaria electa del Parlamento del Mercosur (Parlasur), elemento que no puede ser desconocido\u00bb, indic\u00f3 en la carta.<\/p>\n<p>Confianza. Y agreg\u00f3: \u00abConf\u00edo en que el Estado argentino, en cumplimiento de los acuerdos interamericanos y universales, sabr\u00e1 dar pronta cabida a las solicitudes recibidas desde la comunidad internacional\u00bb.<\/p>\n<p>La carta al secretario general de la OEA hab\u00eda sido entregada por Sala en mano al presidente del Parlasur, Jorge Taiana, y al vicepresidente por Uruguay, Daniel Caggiani, el pasado s\u00e1bado, cuando fueron a visitarla al Penal de Alto Comedero en Jujuy.<\/p>\n<p>En agosto pasado, Almagro hab\u00eda publicado public\u00f3 una carta abierta a favor de Leopoldo L\u00f3pez, condenado en Venezuela y sobre quien el Grupo de Trabajo sobre Detenciones Arbitrarias tambi\u00e9n se pronunci\u00f3 reclamando la liberaci\u00f3n inmediata.<\/p>\n<p>Ahora, el secretario general de la OEA se\u00f1al\u00f3 respecto al caso Sala, que se encuentra bajo estudio de la Cidh, que \u00aben un Estado de Derecho, el imperio de la ley alcanza a todas y cada una de las personas m\u00e1s all\u00e1 del lugar que ocupen en la sociedad, independientemente de que se tenga o no un cargo pol\u00edtico\u00bb y que \u00abnadie est\u00e1 por encima de la ley\u00bb.<\/p>\n<p>Consider\u00f3 de todos modos como \u00abun paso alentador\u00bb la invitaci\u00f3n cursada a la Cidh para que realice una visita a Jujuy, sostuvo que las conclusiones del cuerpo ser\u00e1n \u00abfundamentales para la puesta en pr\u00e1ctica efectiva de las garant\u00edas necesarias\u00bb.<\/p>\n<p>\u00abEntiendo que la libertad de expresi\u00f3n y de protesta pac\u00edfica constituye un pilar fundamental que vigoriza la democracia y sin cuya existencia las garant\u00edas pol\u00edticas carecen de contenido como elementos esenciales de la gobernabilidad y de la institucionalidad democr\u00e1tica. Reitero la preocupaci\u00f3n de la Secretar\u00eda General de la OEA al considerar que la restricci\u00f3n de la libertad de expresi\u00f3n opera por la v\u00eda de una detenci\u00f3n preventiva\u00bb, alert\u00f3 el ex canciller de Uruguay.<\/p>\n<p>En la carta, que llev\u00f3 su firma, Almagro tambi\u00e9n destac\u00f3 \u00absu reconocido trabajo social en favor de los despose\u00eddos\u00bb, que \u2014sostuvo\u2014 \u00abenaltece el car\u00e1cter de sus manifestaciones p\u00fablicas en un continente y una regi\u00f3n por sus elevados \u00edndices de desigualdad\u00bb.<\/p>\n<h6>Fuente: La Capital Rosario<\/h6>\n","protected":false},"excerpt":{"rendered":"<p>El titular del organismo, Luis Almagro, reclam\u00f3 al Estado argentino que cumpla con los acuerdos internacionales y libere a la dirigente social.<\/p>\n","protected":false},"author":2,"featured_media":56725,"comment_status":"closed","ping_status":"closed","sticky":false,"template":"","format":"standard","meta":{"footnotes":""},"categories":[8],"tags":[21],"class_list":["post-56701","post","type-post","status-publish","format-standard","has-post-thumbnail","hentry","category-informe-nacional","tag-argentina"],"_links":{"self":[{"href":"http:\/\/argentinamunicipal.com.ar\/argentina\/wp-json\/wp\/v2\/posts\/56701","targetHints":{"allow":["GET"]}}],"collection":[{"href":"http:\/\/argentinamunicipal.com.ar\/argentina\/wp-json\/wp\/v2\/posts"}],"about":[{"href":"http:\/\/argentinamunicipal.com.ar\/argentina\/wp-json\/wp\/v2\/types\/post"}],"author":[{"embeddable":true,"href":"http:\/\/argentinamunicipal.com.ar\/argentina\/wp-json\/wp\/v2\/users\/2"}],"replies":[{"embeddable":true,"href":"http:\/\/argentinamunicipal.com.ar\/argentina\/wp-json\/wp\/v2\/comments?post=56701"}],"version-history":[{"count":0,"href":"http:\/\/argentinamunicipal.com.ar\/argentina\/wp-json\/wp\/v2\/posts\/56701\/revisions"}],"wp:featuredmedia":[{"embeddable":true,"href":"http:\/\/argentinamunicipal.com.ar\/argentina\/wp-json\/wp\/v2\/media\/56725"}],"wp:attachment":[{"href":"http:\/\/argentinamunicipal.com.ar\/argentina\/wp-json\/wp\/v2\/media?parent=56701"}],"wp:term":[{"taxonomy":"category","embeddable":true,"href":"http:\/\/argentinamunicipal.com.ar\/argentina\/wp-json\/wp\/v2\/categories?post=56701"},{"taxonomy":"post_tag","embeddable":true,"href":"http:\/\/argentinamunicipal.com.ar\/argentina\/wp-json\/wp\/v2\/tags?post=56701"}],"curies":[{"name":"wp","href":"https:\/\/api.w.org\/{rel}","templated":true}]}}