{"id":56774,"date":"2016-12-01T06:00:49","date_gmt":"2016-12-01T09:00:49","guid":{"rendered":"http:\/\/argentinamunicipal.com.ar\/argentina\/?p=56774"},"modified":"2016-12-01T06:57:06","modified_gmt":"2016-12-01T09:57:06","slug":"santa-fe-lanzan-programa-repoblar-localidades-del-interior-provincial","status":"publish","type":"post","link":"http:\/\/argentinamunicipal.com.ar\/argentina\/santa-fe-lanzan-programa-repoblar-localidades-del-interior-provincial\/","title":{"rendered":"Santa Fe: Lanzan un programa para repoblar localidades del interior provincial"},"content":{"rendered":"<p>\u00abPueblo M\u00edo\u00bb se llama la iniciativa del gobierno. Estimula la radicaci\u00f3n de empresas en peque\u00f1os pueblos. En Santa Fe hay 102 comunas con menos de dos mil habitantes. El proceso migratorio no se detiene<\/p>\n<p>Al problema lo padecen muchos pueblos santafesinos que pelean por seguir \u00absubsistiendo\u00bb. El fen\u00f3meno migratorio golpea a las peque\u00f1as localidades que se ven perjudicadas por los atractivos, las oportunidades y \u00ablas luces\u00bb de las grandes ciudades. La preocupaci\u00f3n de los presidentes comunales crece todos los a\u00f1os; reconocen esta situaci\u00f3n pero no encuentran herramientas para combatir el fen\u00f3meno.<\/p>\n<p>En Santa Fe hay 102 pueblos con menos de dos mil habitantes. La mayor\u00eda de ellos se caracteriza por tener una tasa de natalidad peque\u00f1a y tasas de mortalidad y de migraci\u00f3n muy alta.<\/p>\n<p>En los \u00faltimos meses UNO cont\u00f3 la historia de Colonia Belgrano, un peque\u00f1o pueblo del departamento San Mart\u00edn que convocaba a j\u00f3venes para radicarse en la localidad. El proyecto lanzado este mi\u00e9rcoles por la provincia tiene como principal objetivo \u00abcrear fuentes de trabajo\u00bb para que los j\u00f3venes se sientan atra\u00eddos por una oportunidad de trabajo o para que aquellos que se fueron a estudiar a las grandes ciudades, encuentren una oportunidad en el pueblo que los vio nacer.<\/p>\n<p>\u00abPueblo M\u00edo\u00bb se llama el plan presentado por el gobernador Miguel Lifschitz. La idea que persigue no es solamente alentar a que la gente pueda vivir en los pueblos, sino tambi\u00e9n estimular inversiones.<\/p>\n<p>El programa no incluye a las municipalidades y est\u00e1 dirigido a todas las comunas provinciales, que en total ascienden a 308. Desde la Subsecretar\u00eda de Regiones, Municipios y Comunas aseguran que el mismo \u00abest\u00e1 pensado en t\u00e9rminos productivos, para generar valor agregado y puestos de trabajo\u00bb.<\/p>\n<p>Para llevar adelante este proyecto, el gobierno piensa en un \u00abpaquete de medidas integrales\u00bb. A trav\u00e9s de la Secretar\u00eda de Estado de Energ\u00eda realizar\u00e1n obra de infraestructura y del tendido el\u00e9ctrico (de hasta cuatro millones de pesos) para aquellos emprendimientos que piensan radicarse en estos pueblos.<\/p>\n<p>Por otro lado, y a trav\u00e9s del programa \u00abRedes\u00bb, el Ministerio de Trabajo brindar\u00e1 capacitaciones en oficios a las personas de esas localidades para que se puedan desempe\u00f1ar en esas empresas. En tanto, la Secretar\u00eda de H\u00e1bitat se ocupar\u00e1 de brindar soluciones habitacionales para aquellos que tomen la decisi\u00f3n de radicarse.<\/p>\n<p>Por su parte, la Secretar\u00eda de Juventudes de Santa Fe trabajar\u00e1 en coordinaci\u00f3n con universidades, brindando becas para aquellos estudiantes que son de peque\u00f1as localidades y estimulando, una vez recibidos, el regreso al lugar que los vio nacer.<\/p>\n<p>En di\u00e1logo con UNO, el subsecretario de Regiones, Municipios y Comunas, Lisandro D&#8217;Anna, coment\u00f3 adem\u00e1s que las empresas que ya se encuentran trabajando \u00abtendr\u00e1n un impulso y habr\u00e1 incentivos a la producci\u00f3n con cr\u00e9ditos financieros\u00bb.<\/p>\n<p>Tendr\u00e1n una tarea fundamental los presidentes de las comunas, quienes deber\u00e1n agudizar el ingenio para pensar qu\u00e9 emprendimientos productivos, acorde a la zona, es posible fomentar; ofreciendo incluso terrenos fiscales del lugar. Para acceder al programa, deber\u00e1n gestionar un expediente ante la Subsecretar\u00eda de Municipios y Comunas.<\/p>\n<p>El funcionario provincial sostuvo que la \u00abcoincidencia\u00bb entre los referentes comunales \u00abes absoluta\u00bb respecto a la necesidad de fomentar este tipo de medidas. \u00abEl objetivo es que los pueblos de menos de dos mil habitantes tiendan a crecer; que los estudiantes que se van a estudiar a las ciudades vuelvan a su pueblo y que las empresas decidan radicarse no solo en Santa Fe, Rosario, Rafaela, Venado Tuerto, sino que aprovechen el impulso del interior y que radiquen sus emprendimientos en estas localidades\u00bb, manifest\u00f3.<\/p>\n<p>D&#8217;Anna dijo con respecto a las comunas que inicien el tr\u00e1mite: \u00abAl primero que inicie el expediente lo vamos a llamar a una reuni\u00f3n. Vamos a trabajar a demanda\u00bb. Al mismo tiempo, insisti\u00f3 en que \u00abla renovaci\u00f3n de estos pueblos radica en los j\u00f3venes\u00bb.<\/p>\n<p>Consultado sobre si las migraciones han aumentado en los \u00faltimos a\u00f1os, el subsecretario afirm\u00f3: \u00abSe sigue profundizando. Cuando nos juntamos con presidentes comunales observamos tres cuestiones: el trabajo, la migraci\u00f3n y las posibles soluciones a los problemas. Todos nos dicen que las migraciones es un proceso sostenido y manifiestan la preocupaci\u00f3n\u00bb.<\/p>\n<p><strong>Colonia Belgrano define qu\u00e9 familias incorpora<\/strong><br \/>\nDesde mayo, el pueblo santafesino forma parte de un programa de repoblaci\u00f3n abierto a j\u00f3venes emprendedores que tendr\u00e1n una casa propia a cambio de habitarlo y ahora elegir\u00e1 a los 20 que se trasladar\u00e1n. Estiman la mudanza final para principios de 2018. El proyecto fue impulsado por la fundaci\u00f3n suiza Es Vicis, en conjunto con las ONG argentinas Responde, Contribuir y Vivienda Digna.<\/p>\n<p>Fueron m\u00e1s de 20 mil los que se mostraron interesadas, 1.200 los que finalmente se inscribieron para participar y 40 los que a\u00fan hoy est\u00e1n en carrera para convertirse en los seleccionados.<\/p>\n<h6>Fuente: Uno Santa fe<\/h6>\n","protected":false},"excerpt":{"rendered":"<p>\u00abPueblo M\u00edo\u00bb se llama la iniciativa del gobierno. Estimula la radicaci\u00f3n de empresas en peque\u00f1os pueblos. En Santa Fe hay 102 comunas con menos de dos mil habitantes. El proceso migratorio no se detiene<\/p>\n","protected":false},"author":2,"featured_media":56775,"comment_status":"closed","ping_status":"closed","sticky":false,"template":"","format":"standard","meta":{"footnotes":""},"categories":[2],"tags":[10],"class_list":["post-56774","post","type-post","status-publish","format-standard","has-post-thumbnail","hentry","category-informe-municipal","tag-santa-fe"],"_links":{"self":[{"href":"http:\/\/argentinamunicipal.com.ar\/argentina\/wp-json\/wp\/v2\/posts\/56774","targetHints":{"allow":["GET"]}}],"collection":[{"href":"http:\/\/argentinamunicipal.com.ar\/argentina\/wp-json\/wp\/v2\/posts"}],"about":[{"href":"http:\/\/argentinamunicipal.com.ar\/argentina\/wp-json\/wp\/v2\/types\/post"}],"author":[{"embeddable":true,"href":"http:\/\/argentinamunicipal.com.ar\/argentina\/wp-json\/wp\/v2\/users\/2"}],"replies":[{"embeddable":true,"href":"http:\/\/argentinamunicipal.com.ar\/argentina\/wp-json\/wp\/v2\/comments?post=56774"}],"version-history":[{"count":0,"href":"http:\/\/argentinamunicipal.com.ar\/argentina\/wp-json\/wp\/v2\/posts\/56774\/revisions"}],"wp:featuredmedia":[{"embeddable":true,"href":"http:\/\/argentinamunicipal.com.ar\/argentina\/wp-json\/wp\/v2\/media\/56775"}],"wp:attachment":[{"href":"http:\/\/argentinamunicipal.com.ar\/argentina\/wp-json\/wp\/v2\/media?parent=56774"}],"wp:term":[{"taxonomy":"category","embeddable":true,"href":"http:\/\/argentinamunicipal.com.ar\/argentina\/wp-json\/wp\/v2\/categories?post=56774"},{"taxonomy":"post_tag","embeddable":true,"href":"http:\/\/argentinamunicipal.com.ar\/argentina\/wp-json\/wp\/v2\/tags?post=56774"}],"curies":[{"name":"wp","href":"https:\/\/api.w.org\/{rel}","templated":true}]}}