{"id":56849,"date":"2016-12-02T07:09:26","date_gmt":"2016-12-02T10:09:26","guid":{"rendered":"http:\/\/argentinamunicipal.com.ar\/argentina\/?p=56849"},"modified":"2016-12-02T07:09:26","modified_gmt":"2016-12-02T10:09:26","slug":"petroleo-olor-crisis-ajuste","status":"publish","type":"post","link":"http:\/\/argentinamunicipal.com.ar\/argentina\/petroleo-olor-crisis-ajuste\/","title":{"rendered":"El petr\u00f3leo, con olor a crisis y ajuste"},"content":{"rendered":"<p>YPF rescindi\u00f3 contrato con las empresas de servicios que cumpl\u00edan tareas en 33 equipos de campo, que dejar\u00e1n de operar.<\/p>\n<p>La petrolera YPF inform\u00f3 a las firmas contratistas la decisi\u00f3n de dar de baja definitivamente 33 equipos que cumpl\u00edan tareas de preparaci\u00f3n de pozos, perforaci\u00f3n, terminado, mantenimiento, workover (reparaci\u00f3n o reacomodamientos) y pulling (fijaci\u00f3n de herramientas en el fondo del pozo y otras tareas livianas). La medida afecta a casi el 40 por ciento de los pozos que opera actualmente YPF en la cuenca neuquina y amenaza la estabilidad de 1700 trabajadores de m\u00e1s de una docena de empresas contratistas involucradas. Estos empleados petroleros cobran, desde el mes de febrero pasado, los sueldos planos (sin extras ni accesorios) sin cumplir tareas, como parte del Procedimiento Preventivo de Crisis (PPC) acordado entre la c\u00e1mara del sector (Ceope) y los gremios del sector (petroleros privados y jer\u00e1rquicos), con aval del Ministerio de Trabajo de la Naci\u00f3n. Este programa de emergencia venci\u00f3 el 31 de julio, aunque se sigui\u00f3 aplicando hasta ahora. Fuentes de YPF informaron que \u201cel costo de mantener la fuerza laboral ociosa no se puede sostener\u201d, por lo cual tomaron la decisi\u00f3n de comunicar a las empresas contratistas que prescindir\u00e1n del servicio de sus equipos.<\/p>\n<p>Seg\u00fan fuentes empresarias, las empresas de servicios a las que YPF les comunic\u00f3 que desist\u00eda de sus servicios son, en las diferentes tareas en yacimiento, las siguientes:<\/p>\n<p>Perforaci\u00f3n: H&amp;P, DLS, Nabors, Quintana y SAI.<br \/>\nWorkover: Nabors, Petroneu, SAI, SPA, Tracker, Tronador y Venver.<br \/>\nPulling: SAI, Clear y Petroneu.<\/p>\n<p>Adem\u00e1s, fueron afectadas otras empresas de servicios asociados como log\u00edstica, movimientos de suelos, montaje y soldadura, y otras que cumplen funciones de optimizaci\u00f3n de operaci\u00f3n y mantenimiento.<\/p>\n<p>De acuerdo con c\u00e1lculos de la propia YPF, el costo total anualizado del programa preventivo de crisis (es decir, el pago de salarios al personal inactivo) \u201cse estima en cien millones de d\u00f3lares, abarcando aproximadamente unos 1700 trabajadores que mantuvieron sus puestos de trabajo sin carga laboral efectiva\u201d. Fuentes de la empresa indicaron a P\u00e1gina 12 que \u201ceste procedimiento finaliz\u00f3 formalmente en el mes de julio, aunque posteriormente se continu\u00f3 incorporando personal al mismo. El costo de mantener la fuerza laboral ociosa no se puede sostener en el tiempo, tampoco la situaci\u00f3n con empresas contratistas que est\u00e1n muy por debajo de los est\u00e1ndares que YPF requiere actualmente. En este escenario, la compa\u00f1\u00eda debe avanzar en la adecuaci\u00f3n de sus niveles de actividad en la cuenca para garantizar la sustentabilidad de su actividad. Por esa raz\u00f3n, YPF decidi\u00f3 comunicarle a las empresas se servicios petroleros que prescindir\u00e1 de reincorporar a los equipos que hab\u00edan ingresado en stand by durante el plan preventivo de crisis\u201d.<\/p>\n<p>YPF reducir\u00e1 as\u00ed en casi un 40 por ciento la cantidad de equipos en operaci\u00f3n en la cuenca, ya que estima mantener s\u00f3lo 57 equipos activos, \u201cun nivel de actividad sostenible que, con las medidas de productividad que se implementar\u00e1n, permitir\u00e1 encarar inversiones para el crecimiento de la actividad en la cuenca y en el pa\u00eds\u201d, seg\u00fan indicaron fuentes empresarias. De los 33 equipos desactivados, 10 son de perforaci\u00f3n. El destino del objetivo de autoabastecimiento es incierto, al igual que el de la situaci\u00f3n de los 1700 trabajadores afectados.<\/p>\n<p>La novedad se produce un d\u00eda despu\u00e9s de que directivos la Asociaci\u00f3n de Empresarios Argentinos (AEA), con Techint a la cabeza, le reclamaran al ministro Juan Jos\u00e9 Aranguren un precio mayor para el petr\u00f3leo. Y en la misma semana en que Pecom Energ\u00eda, empresa de servicios del grupo P\u00e9rez Companc, anunciara el despido de 270 empleados por la reducci\u00f3n de su actividad en el Golfo San Jorge, hoy en suspenso por la conciliaci\u00f3n obligatoria dictada por las autoridades de Chubut.<\/p>\n<h6>Fuente: P\u00e1gina 12<\/h6>\n","protected":false},"excerpt":{"rendered":"<p>YPF rescindi\u00f3 contrato con las empresas de servicios que cumpl\u00edan tareas en 33 equipos de campo, que dejar\u00e1n de operar.<\/p>\n","protected":false},"author":2,"featured_media":56850,"comment_status":"closed","ping_status":"closed","sticky":false,"template":"","format":"standard","meta":{"footnotes":""},"categories":[8],"tags":[21],"class_list":["post-56849","post","type-post","status-publish","format-standard","has-post-thumbnail","hentry","category-informe-nacional","tag-argentina"],"_links":{"self":[{"href":"http:\/\/argentinamunicipal.com.ar\/argentina\/wp-json\/wp\/v2\/posts\/56849","targetHints":{"allow":["GET"]}}],"collection":[{"href":"http:\/\/argentinamunicipal.com.ar\/argentina\/wp-json\/wp\/v2\/posts"}],"about":[{"href":"http:\/\/argentinamunicipal.com.ar\/argentina\/wp-json\/wp\/v2\/types\/post"}],"author":[{"embeddable":true,"href":"http:\/\/argentinamunicipal.com.ar\/argentina\/wp-json\/wp\/v2\/users\/2"}],"replies":[{"embeddable":true,"href":"http:\/\/argentinamunicipal.com.ar\/argentina\/wp-json\/wp\/v2\/comments?post=56849"}],"version-history":[{"count":0,"href":"http:\/\/argentinamunicipal.com.ar\/argentina\/wp-json\/wp\/v2\/posts\/56849\/revisions"}],"wp:featuredmedia":[{"embeddable":true,"href":"http:\/\/argentinamunicipal.com.ar\/argentina\/wp-json\/wp\/v2\/media\/56850"}],"wp:attachment":[{"href":"http:\/\/argentinamunicipal.com.ar\/argentina\/wp-json\/wp\/v2\/media?parent=56849"}],"wp:term":[{"taxonomy":"category","embeddable":true,"href":"http:\/\/argentinamunicipal.com.ar\/argentina\/wp-json\/wp\/v2\/categories?post=56849"},{"taxonomy":"post_tag","embeddable":true,"href":"http:\/\/argentinamunicipal.com.ar\/argentina\/wp-json\/wp\/v2\/tags?post=56849"}],"curies":[{"name":"wp","href":"https:\/\/api.w.org\/{rel}","templated":true}]}}