{"id":56910,"date":"2016-12-05T06:59:03","date_gmt":"2016-12-05T09:59:03","guid":{"rendered":"http:\/\/argentinamunicipal.com.ar\/argentina\/?p=56910"},"modified":"2016-12-05T06:59:03","modified_gmt":"2016-12-05T09:59:03","slug":"ya-funciona-san-lorenzo-biciudad","status":"publish","type":"post","link":"http:\/\/argentinamunicipal.com.ar\/argentina\/ya-funciona-san-lorenzo-biciudad\/","title":{"rendered":"Ya funciona en San Lorenzo el \u201cBiciudad\u201d"},"content":{"rendered":"<p>Con un acto celebrado frente la estaci\u00f3n ubicada Campo de la Gloria, este domingo se puso en marcha \u201cBiciudad\u201d, el sistema de bicicletas p\u00fablicas implementado por el municipio con el prop\u00f3sito de fomentar la utilizaci\u00f3n de un medio locomoci\u00f3n sustentable y de reducir el uso de veh\u00edculos a motor.<\/p>\n<p>La inauguraci\u00f3n estaba prevista para el s\u00e1bado a la tarde, pero debi\u00f3 ser reprogramada debido a la tormenta que se abati\u00f3 sobre la regi\u00f3n.<\/p>\n<p>En el comienzo de la ceremonia el intendente Leonardo Raimundo tom\u00f3 la palabra y destac\u00f3 algunas de las bondades del nuevo servicio: \u201cEs un gran aporte a un San Lorenzo cada vez m\u00e1s inclusivo, m\u00e1s amigable con el medio ambiente, a una ciudad cada vez m\u00e1s saludable que toma las pol\u00edticas de las ciudades del mundo que se consideran m\u00e1s avanzadas\u201d.<\/p>\n<p>Adem\u00e1s expres\u00f3 que el Estado municipal debe encarar estos desaf\u00edos a pesar de las necesidades insatisfechas que en materia de infraestructura a\u00fan existen en la ciudad. \u201cTodo es compatible porque son esfuerzos que deben ser hechos en paralelo\u201d, redonde\u00f3.<\/p>\n<p>Luego el mandatario llam\u00f3 a los vecinos a cuidar de las flamantes instalaciones: \u201cNo debe desanimarnos el vandalismo p\u00fablico que existe en nuestra ciudad, a veces con alg\u00fan tipo de organizaci\u00f3n e intencionalidad. Tenemos que cuidar lo que se invierte, porque todo se hace con fondos p\u00fablicos municipales, con los recursos que ahorramos de los impuestos de los sanlorencinos\u201d.<\/p>\n<p>En el tramo \u00faltimo de su alocuci\u00f3n el jefe del Ejecutivo local se comprometi\u00f3 \u201ca duplicar o triplicar\u201d el n\u00famero de estaciones en caso de que la propuesta sea bien recibida por los vecinos de la ciudad.<\/p>\n<p>Tras el cierre de su discurso, el intendente encabez\u00f3 el corte de cinta, retir\u00f3 una de las bicicletas y realiz\u00f3 una recorrida por calle Sargento Cabral, en compa\u00f1\u00eda del ciclista tricampe\u00f3n del mundo, Diego Rozi\u00e9, y de los miembros de la pe\u00f1a pedal Meta Vivir.<\/p>\n<p>Antes de que el acto llegara a su fin, se sortearon bicicletas entre las familias que asistieron al acto.<\/p>\n<p>Tambi\u00e9n se hicieron presentes el presidente del Concejo, Hern\u00e1n Ore; el secretario de Coordinaci\u00f3n General, Esteban Aric\u00f3; la subsecretaria Mar\u00eda Emilia Barovero; los concejales Gustavo Oggero, Fernando Dagatti, Luciana Resquina y Mariana Cantoia.<\/p>\n<p><strong>Requisitos para la inscripci\u00f3n a Biciudad<\/strong><\/p>\n<p>Los interesados en acceder al servicio deben dirigirse a la mesa de entradas ubicada en la cortada Maestros Biosca 1350 y presentar fotocopia de DNI y de un impuesto que acredite su residencia en la ciudad. Se les tomar\u00e1 una foto carnet y llenar\u00e1n un formulario con sus datos personales antes de recibir una tarjeta con una contrase\u00f1a que les permitir\u00e1 desbloquear las bicicletas ancladas a las estaciones.<\/p>\n<p>Las personas que tengan entre 12 y 17 a\u00f1os tendr\u00e1n que inscribirse bajo la responsabilidad de un padre\/tutor\/representante\/responsable legal, que deber\u00e1 presentar una documentaci\u00f3n probatoria del v\u00ednculo con el adolescente (DNI, partida de nacimiento, libreta de matrimonio o documentaci\u00f3n suficiente) y suscribir el contrato de adhesi\u00f3n.<\/p>\n<p>M\u00e1s informaci\u00f3n sobre el sistema se encuentra disponible en www.biciudad.info.<\/p>\n<h6>Fuente: Sin Mordaza<\/h6>\n","protected":false},"excerpt":{"rendered":"<p>Con un acto celebrado frente la estaci\u00f3n ubicada Campo de la Gloria, este domingo se puso en marcha \u201cBiciudad\u201d, el sistema de bicicletas p\u00fablicas implementado por el municipio<\/p>\n","protected":false},"author":2,"featured_media":56911,"comment_status":"closed","ping_status":"closed","sticky":false,"template":"","format":"standard","meta":{"footnotes":""},"categories":[2],"tags":[10],"class_list":["post-56910","post","type-post","status-publish","format-standard","has-post-thumbnail","hentry","category-informe-municipal","tag-santa-fe"],"_links":{"self":[{"href":"http:\/\/argentinamunicipal.com.ar\/argentina\/wp-json\/wp\/v2\/posts\/56910","targetHints":{"allow":["GET"]}}],"collection":[{"href":"http:\/\/argentinamunicipal.com.ar\/argentina\/wp-json\/wp\/v2\/posts"}],"about":[{"href":"http:\/\/argentinamunicipal.com.ar\/argentina\/wp-json\/wp\/v2\/types\/post"}],"author":[{"embeddable":true,"href":"http:\/\/argentinamunicipal.com.ar\/argentina\/wp-json\/wp\/v2\/users\/2"}],"replies":[{"embeddable":true,"href":"http:\/\/argentinamunicipal.com.ar\/argentina\/wp-json\/wp\/v2\/comments?post=56910"}],"version-history":[{"count":0,"href":"http:\/\/argentinamunicipal.com.ar\/argentina\/wp-json\/wp\/v2\/posts\/56910\/revisions"}],"wp:featuredmedia":[{"embeddable":true,"href":"http:\/\/argentinamunicipal.com.ar\/argentina\/wp-json\/wp\/v2\/media\/56911"}],"wp:attachment":[{"href":"http:\/\/argentinamunicipal.com.ar\/argentina\/wp-json\/wp\/v2\/media?parent=56910"}],"wp:term":[{"taxonomy":"category","embeddable":true,"href":"http:\/\/argentinamunicipal.com.ar\/argentina\/wp-json\/wp\/v2\/categories?post=56910"},{"taxonomy":"post_tag","embeddable":true,"href":"http:\/\/argentinamunicipal.com.ar\/argentina\/wp-json\/wp\/v2\/tags?post=56910"}],"curies":[{"name":"wp","href":"https:\/\/api.w.org\/{rel}","templated":true}]}}