{"id":56919,"date":"2016-12-05T06:09:46","date_gmt":"2016-12-05T09:09:46","guid":{"rendered":"http:\/\/argentinamunicipal.com.ar\/argentina\/?p=56919"},"modified":"2016-12-05T07:11:14","modified_gmt":"2016-12-05T10:11:14","slug":"otra-ola-despidos-suspensiones","status":"publish","type":"post","link":"http:\/\/argentinamunicipal.com.ar\/argentina\/otra-ola-despidos-suspensiones\/","title":{"rendered":"Otra ola de despidos y suspensiones"},"content":{"rendered":"<p>Con los 20 mil trabajadores alcanzados en el \u00faltimo bimestre, la mayor\u00eda en el sector privado, en el a\u00f1o ya son 232.286 los afectados por cesant\u00edas y suspensiones. Los m\u00e1s perjudicados fueron los obreros industriales, que concentran el 84 por ciento de los casos.<\/p>\n<p>En octubre y noviembre volvieron aumentar los despidos en el sector privado. Cerca de 20 mil trabajadores quedaron sin empleo o fueron suspendidos, llevando el acumulado en lo que va del 2016 a 232.286 afectados. Expresado en otros t\u00e9rminos: durante el primer a\u00f1o de Cambiemos en el gobierno nacional hubo 650 trabajadores despedidos o suspendidos por d\u00eda.<\/p>\n<p>As\u00ed lo se\u00f1ala un relevamiento sobre la situaci\u00f3n del empleo del Centro de Econom\u00eda Pol\u00edtica Argentina (CEPA). Los investigadores marcaron que el aumento de las cesant\u00edas fue dr\u00e1stico: mientras que en septiembre hubo 1554 despidos y 3532 suspensiones, entre octubre y noviembre se produjeron 11.127 nuevos despidos y 7993 nuevas suspensiones, sumando al sector p\u00fablico y al privado. \u201cEsta cantidad resulta la m\u00e1s significativa para dos meses consecutivos desde el per\u00edodo abril\/mayo\u201d, indic\u00f3 en sus conclusiones el informe del centro dirigido por Hern\u00e1n Letcher.<\/p>\n<p>En este bimestre, el sector privado motoriz\u00f3 pr\u00e1cticamente todas las cesant\u00edas. En el sector p\u00fablico, en cambio, hubo una buena noticia: baj\u00f3 la cantidad de despedidos a ra\u00edz de la decisi\u00f3n de incorporar a 800 investigadores del Conicet, cuyos ingresos se encontraban sin confirmaci\u00f3n por decisi\u00f3n gubernamental.<\/p>\n<p>Dentro de los trabajadores del \u00e1rea privada, los m\u00e1s afectados fueron los obreros industriales, ya que suman el 84 por ciento de los despidos y suspensiones. Las actividades m\u00e1s golpeadas de la industria son ocho: la metalurgia, los talleres textiles, las automotrices, la producci\u00f3n de electr\u00f3nica y electrodom\u00e9sticos, de alimentos y bebidas, los rubros petrolero, energ\u00e9tico y frigor\u00edfico.<\/p>\n<p>El CEPA viene siguiendo desde el verano pasado las consecuencias de las pol\u00edticas del macrismo sobre el mundo del trabajo. De esta manera, fue trazando una secuencia: en diciembre de 2015 y enero de 2016 hubo una ola de despidos en el Estado, y una p\u00e9rdida masiva de puestos de trabajo en la construcci\u00f3n debido a la paralizaci\u00f3n de la obra p\u00fablica. Estos hechos fueron la se\u00f1al de largada para que las empresas del sector privado hicieran lo propio, inicialmente en la industria (acompa\u00f1ando la retracci\u00f3n de la producci\u00f3n), que impact\u00f3 despu\u00e9s negativamente en el sector de servicios.<\/p>\n<p>\u201cDurante el mes de agosto ese proceso se conjug\u00f3 con una nueva ola de despidos del sector p\u00fablico. En septiembre, una reducci\u00f3n en la cantidad de despidos hac\u00eda aparecer cierta estabilizaci\u00f3n en la din\u00e1mica del empleo. Sin embargo, tanto octubre como noviembre volvieron a mostrar una elevada cantidad de despidos y la continuidad de las suspensiones en la industria, reflejando la profundizaci\u00f3n de la retracci\u00f3n en la producci\u00f3n de bienes\u201d, advirti\u00f3 el centro de estudios (el proceso est\u00e1 resumido en el gr\u00e1fico que se publica en esta p\u00e1gina).<\/p>\n<p>El informe incluye un desglose, dentro del sector privado, entre despidos y suspensiones: la cantidad de personas que perdieron su empleo fueron 122.802, mientras que 39.339 sufrieron suspensiones.<\/p>\n<p>En este contexto, otras herramientas de ajuste empleadas por las empresas son el otorgamiento de vacaciones anticipadas (un caso reciente es el de Arcor) y la implementaci\u00f3n de planes de retiros voluntarios (Pirelli, Siderar, Banco Hipotecario, Volkswagen y FIAT).<\/p>\n<p>El informe indic\u00f3 que el nuevo acuerdo de la Casa Rosada con las grandes empresas para frenar los despidos est\u00e1 siguiendo el camino del anterior. \u201cDesde el 23 de noviembre, fecha de firma del actual compromiso, hubo despidos en Avenida.com (120), Brinkmann (4), Tri\u00e1ngulo Color (30), Cer\u00e1mica San Juan (5), casino Golden Night (2), Canal 13 de Santiago del Estero (20), Nevares (60) y Pecom en Cerro Drag\u00f3n (270). El total: 511 despidos\u201d. Para el CEPA, el mayor protagonismo del Ministerio de Desarrollo Social y la aceptaci\u00f3n por parte del Gobierno de la declaraci\u00f3n de una emergencia social son congruentes, porque implican un \u201cesquema de contenci\u00f3n funcional al modelo excluyente en el orden econ\u00f3mico\u201d. Un esquema del que son parte el veto a la ley antidespidos, la negativa a reabrir las negociaciones paritarias y la amenaza de avanzar en la modificaci\u00f3n de los convenios colectivos de trabajo.<\/p>\n<h6>Fuente: P\u00e1gina 12<\/h6>\n","protected":false},"excerpt":{"rendered":"<p>Con los 20 mil trabajadores alcanzados en el \u00faltimo bimestre, la mayor\u00eda en el sector privado, en el a\u00f1o ya son 232.286 los afectados por cesant\u00edas y suspensiones. <\/p>\n","protected":false},"author":2,"featured_media":56920,"comment_status":"closed","ping_status":"closed","sticky":false,"template":"","format":"standard","meta":{"footnotes":""},"categories":[8],"tags":[21],"class_list":["post-56919","post","type-post","status-publish","format-standard","has-post-thumbnail","hentry","category-informe-nacional","tag-argentina"],"_links":{"self":[{"href":"http:\/\/argentinamunicipal.com.ar\/argentina\/wp-json\/wp\/v2\/posts\/56919","targetHints":{"allow":["GET"]}}],"collection":[{"href":"http:\/\/argentinamunicipal.com.ar\/argentina\/wp-json\/wp\/v2\/posts"}],"about":[{"href":"http:\/\/argentinamunicipal.com.ar\/argentina\/wp-json\/wp\/v2\/types\/post"}],"author":[{"embeddable":true,"href":"http:\/\/argentinamunicipal.com.ar\/argentina\/wp-json\/wp\/v2\/users\/2"}],"replies":[{"embeddable":true,"href":"http:\/\/argentinamunicipal.com.ar\/argentina\/wp-json\/wp\/v2\/comments?post=56919"}],"version-history":[{"count":0,"href":"http:\/\/argentinamunicipal.com.ar\/argentina\/wp-json\/wp\/v2\/posts\/56919\/revisions"}],"wp:featuredmedia":[{"embeddable":true,"href":"http:\/\/argentinamunicipal.com.ar\/argentina\/wp-json\/wp\/v2\/media\/56920"}],"wp:attachment":[{"href":"http:\/\/argentinamunicipal.com.ar\/argentina\/wp-json\/wp\/v2\/media?parent=56919"}],"wp:term":[{"taxonomy":"category","embeddable":true,"href":"http:\/\/argentinamunicipal.com.ar\/argentina\/wp-json\/wp\/v2\/categories?post=56919"},{"taxonomy":"post_tag","embeddable":true,"href":"http:\/\/argentinamunicipal.com.ar\/argentina\/wp-json\/wp\/v2\/tags?post=56919"}],"curies":[{"name":"wp","href":"https:\/\/api.w.org\/{rel}","templated":true}]}}