{"id":56925,"date":"2016-12-05T07:26:29","date_gmt":"2016-12-05T10:26:29","guid":{"rendered":"http:\/\/argentinamunicipal.com.ar\/argentina\/?p=56925"},"modified":"2016-12-05T07:26:29","modified_gmt":"2016-12-05T10:26:29","slug":"una-alarma-la-industria","status":"publish","type":"post","link":"http:\/\/argentinamunicipal.com.ar\/argentina\/una-alarma-la-industria\/","title":{"rendered":"Una alarma para la industria"},"content":{"rendered":"<p>Comienza el mes de diciembre y se puede afirmar que los ansiados brotes verdes no asoman. Los \u00faltimos indicadores de septiembre y octubre dan cuenta de una ca\u00edda de los despachos de cemento, de la actividad en la industria sider\u00fargica y automotriz, as\u00ed como del consumo y la inversi\u00f3n. Sin embargo, pr\u00e1cticamente todos los an\u00e1lisis econ\u00f3micos coinciden en se\u00f1alar que 2017 \u2013 en mayor o menor medida\u2013 ser\u00e1 un a\u00f1o de relativa recuperaci\u00f3n econ\u00f3mica. Y es all\u00ed donde se debe profundizar el an\u00e1lisis y alertar sobre ciertos cambios estructurales que pueden quedar hoy en un segundo plano, pero que definir\u00e1n el modelo de crecimiento y el patr\u00f3n econ\u00f3mico de acumulaci\u00f3n en los a\u00f1os venideros.<\/p>\n<p>Por un lado, el sistema de metas de inflaci\u00f3n adoptado por las autoridades del Banco Central sugiere que la apreciaci\u00f3n del tipo de cambio real ser\u00e1 la herramienta utilizada para controlar el aumento de los precios. El abaratamiento de los productos transables, por lo tanto, presionar\u00e1 a\u00fan m\u00e1s a los productores locales. Esto se dar\u00e1 en un contexto de importante apertura comercial: este a\u00f1o ser\u00e1 el primero desde 1975 en el cual las importaciones crecen mientras que el PBI se contrae. Todo indica que esta din\u00e1mica de las importaciones se profundizar\u00e1 en 2017, ante una expectativa de crecimiento del producto.<\/p>\n<p>La combinaci\u00f3n de un mercado interno a la baja e importaciones crecientes ha generado en varias ramas industriales un reemplazo de productos nacionales por importados a lo largo del corriente a\u00f1o. Esta situaci\u00f3n se registra en un gran abanico de sectores productivos, tanto en rubros intensivos en mano de obra \u2013calzado, textil e indumentaria, l\u00ednea blanca\u2013 como en aquellos que deber\u00edan estar siendo traccionados por el agro \u2013agroqu\u00edmicos y maquinaria agr\u00edcola\u2013, pasando por diversos sectores de la metalmec\u00e1nica, en particular, el automotor. La consolidaci\u00f3n de esta din\u00e1mica se refleja en la ca\u00edda general de la industria que se ha acentuado a lo largo del a\u00f1o, seg\u00fan el Indec, 7,3 y 8 por ciento interanual en septiembre y octubre, respectivamente.<\/p>\n<p>La consecuencia directa de esta evoluci\u00f3n negativa es la reducci\u00f3n de puestos de trabajo, que se ha visto acentuada en los \u00faltimos meses: seg\u00fan datos publicados por el Ministerio de Trabajo, el empleo registrado en la actividad industrial se contrajo 3,5 por ciento con relaci\u00f3n a septiembre del a\u00f1o anterior, superando los valores de junio, julio y agosto, con ca\u00eddas del 2,6, 2,8 y 3 por ciento, respectivamente. Cabe destacar que el sector productivo tiene un rol importante en provincias donde el empleo privado es escaso, d\u00e1ndole un cariz federal a esta problem\u00e1tica. En efecto, seg\u00fan el mismo informe del Ministerio de Trabajo, en muchas provincias el trabajo asalariado registrado refleja para los meses de agosto y septiembre una sostenida o mayor contracci\u00f3n del empleo (San Luis, Catamarca, Misiones, Chaco, La Rioja, entre otras).<\/p>\n<p>Los puestos de trabajo que est\u00e1n siendo destruidos en el sector industrial no ser\u00e1n absorbidos por aquellos que impulsen el crecimiento durante 2017, como apunta a ser el sector de la construcci\u00f3n. Y aunque as\u00ed fuera \u2013aun de manera parcial\u2013 tampoco garantiza la misma calidad del empleo, ya que la industria genera puestos con mayor estabilidad laboral, nivel de salarios y calificaci\u00f3n de la mano de obra, en comparaci\u00f3n con la construcci\u00f3n.<\/p>\n<p>En definitiva, el potencial crecimiento econ\u00f3mico del a\u00f1o pr\u00f3ximo no ser\u00e1 acompa\u00f1ado de una importante recuperaci\u00f3n del entramado industrial. El actual modelo econ\u00f3mico se dirige entonces hacia una transformaci\u00f3n de la estructura productiva y las consecuencias, de a poco, se sentir\u00e1n en el empleo, los indicadores sociales y, en definitiva, la calidad de vida de los argentinos.<\/p>\n<p>Por: Paula Espa\u00f1ol *<\/p>\n<p>* Economista. Directora de\u00a0Radar Consultora.<\/p>\n<h6>Fuente: P\u00e1gina 12<\/h6>\n","protected":false},"excerpt":{"rendered":"<p>Comienza el mes de diciembre y se puede afirmar que los ansiados brotes verdes no asoman. Los \u00faltimos indicadores de septiembre y octubre dan cuenta de una ca\u00edda de los despachos de cemento, de la actividad en la industria sider\u00fargica y automotriz, as\u00ed como del consumo y la inversi\u00f3n.<\/p>\n","protected":false},"author":2,"featured_media":56926,"comment_status":"closed","ping_status":"closed","sticky":false,"template":"","format":"standard","meta":{"footnotes":""},"categories":[6],"tags":[21],"class_list":["post-56925","post","type-post","status-publish","format-standard","has-post-thumbnail","hentry","category-opiniones","tag-argentina"],"_links":{"self":[{"href":"http:\/\/argentinamunicipal.com.ar\/argentina\/wp-json\/wp\/v2\/posts\/56925","targetHints":{"allow":["GET"]}}],"collection":[{"href":"http:\/\/argentinamunicipal.com.ar\/argentina\/wp-json\/wp\/v2\/posts"}],"about":[{"href":"http:\/\/argentinamunicipal.com.ar\/argentina\/wp-json\/wp\/v2\/types\/post"}],"author":[{"embeddable":true,"href":"http:\/\/argentinamunicipal.com.ar\/argentina\/wp-json\/wp\/v2\/users\/2"}],"replies":[{"embeddable":true,"href":"http:\/\/argentinamunicipal.com.ar\/argentina\/wp-json\/wp\/v2\/comments?post=56925"}],"version-history":[{"count":0,"href":"http:\/\/argentinamunicipal.com.ar\/argentina\/wp-json\/wp\/v2\/posts\/56925\/revisions"}],"wp:featuredmedia":[{"embeddable":true,"href":"http:\/\/argentinamunicipal.com.ar\/argentina\/wp-json\/wp\/v2\/media\/56926"}],"wp:attachment":[{"href":"http:\/\/argentinamunicipal.com.ar\/argentina\/wp-json\/wp\/v2\/media?parent=56925"}],"wp:term":[{"taxonomy":"category","embeddable":true,"href":"http:\/\/argentinamunicipal.com.ar\/argentina\/wp-json\/wp\/v2\/categories?post=56925"},{"taxonomy":"post_tag","embeddable":true,"href":"http:\/\/argentinamunicipal.com.ar\/argentina\/wp-json\/wp\/v2\/tags?post=56925"}],"curies":[{"name":"wp","href":"https:\/\/api.w.org\/{rel}","templated":true}]}}