{"id":56928,"date":"2016-12-05T07:28:58","date_gmt":"2016-12-05T10:28:58","guid":{"rendered":"http:\/\/argentinamunicipal.com.ar\/argentina\/?p=56928"},"modified":"2016-12-05T07:28:58","modified_gmt":"2016-12-05T10:28:58","slug":"mes-caida-las-ventas-minoristas","status":"publish","type":"post","link":"http:\/\/argentinamunicipal.com.ar\/argentina\/mes-caida-las-ventas-minoristas\/","title":{"rendered":"Otro mes con ca\u00edda en las ventas minoristas"},"content":{"rendered":"<p>Seg\u00fan la entidad que agrupa a las medianas empresas, en los once meses del a\u00f1o se acumula una baja promedio de 7,1 por ciento<\/p>\n<p>Las ventas de los comercios minoristas, medidas en cantidades, cayeron en noviembre 8,5 por ciento en relaci\u00f3n a igual mes de 2015. Y acumularon en once meses una baja de 7,1 por ciento interanual, seg\u00fan un sondeo difundido ayer por la Confederaci\u00f3n Argentina de la Mediana Empresa (Came).<\/p>\n<p>La entidad se\u00f1al\u00f3 que \u00abnoviembre fue otro mes malo para el comercio\u00bb y destac\u00f3 que \u00abni los descuentos ni las posibilidades de financiamiento en cuotas sin inter\u00e9s, como tampoco las ofertas atractivas del mercado, lograron despertar el consumo de las familias, que sigui\u00f3 planchado y muy medido\u00bb.<\/p>\n<p>Al respecto, el informe divulgado por la confederaci\u00f3n precis\u00f3 que los 22 rubros relevados \u00abfinalizaron con fuertes bajas\u00bb.<\/p>\n<p>Las ca\u00eddas de ventas m\u00e1s pronunciadas se evidenciaron en los rubros electrodom\u00e9sticos y art\u00edculos electr\u00f3nicos (15,2 por ciento), ferreter\u00edas(14,1 por ciento), materiales para la construcci\u00f3n (11,9), textil e indumentaria (11,9), bazar y regalos (11,4), materiales el\u00e9ctricos (10,8) y textil-blanco (10,7).<\/p>\n<p>La entidad sostuvo que en el rubro electrodom\u00e9sticos y electr\u00f3nicos \u00abse espera que el anuncio del Ahora 18, que rige desde el 1\u00ba de diciembre, pueda ser un aliciente para el sector, en un contexto donde se especula con que muchas familias estuvieron reduciendo sus niveles de endeudamiento en los \u00faltimos meses y eso les permitir\u00e1 consumir m\u00e1s en el cierre del a\u00f1o\u00bb.<\/p>\n<p>El informe advirti\u00f3 que en noviembre \u00abla falta de poder adquisitivo fue notoria, como tambi\u00e9n los altos niveles de endeudamiento en las tarjetas, que frenaron muchas ventas, ya sea porque los l\u00edmites no alcanzaron o, simplemente, por la necesidad de reducir los pasivos\u00bb.<\/p>\n<p>La Came explic\u00f3 que \u00abun factor que viene restando ventas en el mercado interno son los viajes hormiga que hacen muchos argentinos a pa\u00edses vecinos como Brasil, Paraguay y Chile para realizar compras aprovechando los precios m\u00e1s convenientes, especialmente en ropa, calzados, blanquer\u00eda y art\u00edculos electr\u00f3nicos\u00bb.<\/p>\n<p>\u00abLo mismo ocurre con los tours a Miami (estados Unidos). Ese efecto se not\u00f3 fuerte el \u00faltimo fin de semana largo de noviembre\u00bb, resalt\u00f3 la entidad.<\/p>\n<p>Adem\u00e1s, afirm\u00f3 que \u00abtambi\u00e9n la venta ilegal en la v\u00eda p\u00fablica afect\u00f3 al comercio\u00bb y alert\u00f3 acerca de que \u00abhay muchas ciudades donde sigue creciendo la cantidad de manteros y abriendo nuevas Saladitas, que venden las mismas mercader\u00edas que los negocios pero a precios muy inferiores porque no pagan impuestos\u00bb.<\/p>\n<p>El resultado de las ventas en vol\u00famenes f\u00edsicos en noviembre, respecto de igual mes en 2015 y por sectores, es el siguiente: alimentos y bebidas (-2,9 por ciento), bazar y regalos (-11,4 por ciento), bijouterie (-9,6), calzados (-7,5), deportes (-9,3), electrodom\u00e9sticos y art\u00edculos electr\u00f3nicos (-15,2), farmacias (-2,7), ferreter\u00eda (-14,1) y golosinas (-8,2).<\/p>\n<p>Tambi\u00e9n figuran joyer\u00eda y relojer\u00eda (-7,9 por ciento), jugueter\u00eda, rodados y art\u00edculos de librer\u00edas (-5,7 por ciento), marroquiner\u00eda (-8,6), materiales el\u00e9ctricos (-10,8), materiales para la construcci\u00f3n (-11,9), muebles de oficina (-6,1), muebles del hogar (-5,7), neum\u00e1ticos (-7,9), perfumer\u00eda (-4,2), textil-blanco (-10,8) y textil-indumentaria (-11,9).<\/p>\n<h6>Fuente: La Capital Rosario<\/h6>\n","protected":false},"excerpt":{"rendered":"<p>Seg\u00fan la entidad que agrupa a las medianas empresas, en los once meses del a\u00f1o se acumula una baja promedio de 7,1 por ciento<\/p>\n","protected":false},"author":2,"featured_media":56929,"comment_status":"closed","ping_status":"closed","sticky":false,"template":"","format":"standard","meta":{"footnotes":""},"categories":[8],"tags":[21],"class_list":["post-56928","post","type-post","status-publish","format-standard","has-post-thumbnail","hentry","category-informe-nacional","tag-argentina"],"_links":{"self":[{"href":"http:\/\/argentinamunicipal.com.ar\/argentina\/wp-json\/wp\/v2\/posts\/56928","targetHints":{"allow":["GET"]}}],"collection":[{"href":"http:\/\/argentinamunicipal.com.ar\/argentina\/wp-json\/wp\/v2\/posts"}],"about":[{"href":"http:\/\/argentinamunicipal.com.ar\/argentina\/wp-json\/wp\/v2\/types\/post"}],"author":[{"embeddable":true,"href":"http:\/\/argentinamunicipal.com.ar\/argentina\/wp-json\/wp\/v2\/users\/2"}],"replies":[{"embeddable":true,"href":"http:\/\/argentinamunicipal.com.ar\/argentina\/wp-json\/wp\/v2\/comments?post=56928"}],"version-history":[{"count":0,"href":"http:\/\/argentinamunicipal.com.ar\/argentina\/wp-json\/wp\/v2\/posts\/56928\/revisions"}],"wp:featuredmedia":[{"embeddable":true,"href":"http:\/\/argentinamunicipal.com.ar\/argentina\/wp-json\/wp\/v2\/media\/56929"}],"wp:attachment":[{"href":"http:\/\/argentinamunicipal.com.ar\/argentina\/wp-json\/wp\/v2\/media?parent=56928"}],"wp:term":[{"taxonomy":"category","embeddable":true,"href":"http:\/\/argentinamunicipal.com.ar\/argentina\/wp-json\/wp\/v2\/categories?post=56928"},{"taxonomy":"post_tag","embeddable":true,"href":"http:\/\/argentinamunicipal.com.ar\/argentina\/wp-json\/wp\/v2\/tags?post=56928"}],"curies":[{"name":"wp","href":"https:\/\/api.w.org\/{rel}","templated":true}]}}