{"id":56961,"date":"2016-12-05T06:37:03","date_gmt":"2016-12-05T09:37:03","guid":{"rendered":"http:\/\/argentinamunicipal.com.ar\/argentina\/?p=56961"},"modified":"2016-12-05T08:39:12","modified_gmt":"2016-12-05T11:39:12","slug":"primera-vez-una-mujer-presidira-instituto-pueblos-indigenas","status":"publish","type":"post","link":"http:\/\/argentinamunicipal.com.ar\/argentina\/primera-vez-una-mujer-presidira-instituto-pueblos-indigenas\/","title":{"rendered":"Por primera vez una mujer presidir\u00e1 el Instituto de Pueblos Ind\u00edgenas"},"content":{"rendered":"<p>La vocal Toba, Romelia Duran, fue elegida para conducir el IPPIS por los pr\u00f3ximos dos a\u00f1os. Se trat\u00f3 de una elecci\u00f3n hist\u00f3rica para los Pueblos Originarios ya que por primera vez dos mujeres integrar\u00e1n el Consejo Directivo y adem\u00e1s en una jornada eligieron los vocales y el presidente.<\/p>\n<p>Esta es la quinta elecci\u00f3n consecutiva de las comunidades originarias para elegir sus representantes desde su normalizaci\u00f3n en el a\u00f1o 2008. La vocal de la comunidad Toba 1 de Tartagal, Romelia Duran, fue elegida por los dirigentes que resultaron electos por cada etnia para asumir la presidencia del Instituto Provincial de Pueblos Ind\u00edgenas de Salta (IPPIS), por los pr\u00f3ximos dos a\u00f1os. Es la primera vez que una mujer conducir\u00e1 la entidad.<br \/>\nEn escuelas de Tartagal, donde participaron m\u00e1s de 400 congresales se realiz\u00f3 en la jornada de hoy la elecci\u00f3n de nuevos vocales que integrar\u00e1n el Consejo del Instituto Provincial de Pueblos Ind\u00edgenas. Resultaron electos por las comunidades: Kolla, Miguel Siarez; Toba, Romelia Duran; Chorote, Samuel Centeno; Tapiete, Joaqu\u00edn Killo; Chan\u00e9, Isabel Castillo; Wich\u00ed, Indalecio Calermo; Chulupi, Alejo Gallardo; Guaran\u00ed, Gabriel Yaguari; Diaguita, H\u00e9ctor Fabi\u00e1n.<\/p>\n<p>El ministro de Asuntos Ind\u00edgenas y Desarrollo Comunitario, Luis G\u00f3mez Almaras felicit\u00f3 a las nuevas autoridades y resalt\u00f3 el hecho que se haya realizado este nuevo proceso eleccionario demuestra que \u201cel IPPIS tiene independencia y autonom\u00eda, lo que el Gobernador Urtubey, \u00a0pidi\u00f3 \u00a0desde que asumi\u00f3 su cargo en la Provincia. La elecci\u00f3n de Romelia Duran, es la culminaci\u00f3n de un proceso electoral que se realiz\u00f3 con transparencia \u00a0y regularidad\u201d.<br \/>\nAdem\u00e1s G\u00f3mez Almaras, quien estuvo acompa\u00f1ado por el intendente de Tartagal, Sergio Leavy y titular del INAI, Ra\u00fal Ruizdiaz, \u00a0resalt\u00f3 que \u201cla jornada de hoy se trat\u00f3 de una fiesta democr\u00e1tica porque las comunidades originarias tuvieron su acto eleccionario donde los congresales de cada pueblo eligi\u00f3 su representante en asamblea que asumir\u00e1n en enero en una nueva gesti\u00f3n de dos a\u00f1os, y destac\u00f3 que \u201cla nueva comisi\u00f3n estar\u00e1 conformada por dos mujeres, lo cual se trata de un hecho hist\u00f3rico\u201d.<\/p>\n<p>La presidenta, que reemplazar\u00e1 a Siarez, se\u00f1al\u00f3 que \u201cel IPPIS tiene que servir para escuchar y defender a todos los hermanos abor\u00edgenes\u201d y resalt\u00f3 \u201cque durante su gesti\u00f3n se fortalecer\u00e1n las relaciones con el Gobierno Provincial y Nacional\u201d.<\/p>\n<p>Por su parte el intendente Leavy, inst\u00f3 a las nuevas autoridades a trabajar por las comunidades \u201cya que ustedes son la caja de resonancia de los problemas de las comunidades, deben ser el nexo con el Gobierno para poder buscar soluciones y cambiar la realidad de sus hermanos\u201d.<\/p>\n<p>Finalmente, el titular del INAI, Ruiz Diaz, manifest\u00f3 el apoyo del Gobierno Nacional para continuar con el trabajo que se hace entre Provincia, \u00a0Naci\u00f3n e \u00a0IPPIS, para lograr mayores beneficios para todas \u00a0las comunidades de Salta.<\/p>\n<p><strong>*Consejo Directivo*<\/strong><\/p>\n<p>La comisi\u00f3n directiva encabezada por Duran, est\u00e1 compuesta por el vicepresidente Samuel Centeno, de la etnia chorote; tesorero Alejo Gallardo, de la etnia chulup\u00ed; la secretaria ser\u00e1 Isabel Castillo, de la etnia chan\u00e9 y el secretario suplente, Miguel Siarez, de la etnia kolla.<\/p>\n<h6>Fuente: La Hora de Salta<\/h6>\n","protected":false},"excerpt":{"rendered":"<p>La vocal Toba, Romelia Duran, fue elegida para conducir el IPPIS por los pr\u00f3ximos dos a\u00f1os. Se trat\u00f3 de una elecci\u00f3n hist\u00f3rica para los Pueblos Originarios ya que por primera vez dos mujeres integrar\u00e1n el Consejo Directivo <\/p>\n","protected":false},"author":2,"featured_media":56962,"comment_status":"closed","ping_status":"closed","sticky":false,"template":"","format":"standard","meta":{"footnotes":""},"categories":[8],"tags":[21],"class_list":["post-56961","post","type-post","status-publish","format-standard","has-post-thumbnail","hentry","category-informe-nacional","tag-argentina"],"_links":{"self":[{"href":"http:\/\/argentinamunicipal.com.ar\/argentina\/wp-json\/wp\/v2\/posts\/56961","targetHints":{"allow":["GET"]}}],"collection":[{"href":"http:\/\/argentinamunicipal.com.ar\/argentina\/wp-json\/wp\/v2\/posts"}],"about":[{"href":"http:\/\/argentinamunicipal.com.ar\/argentina\/wp-json\/wp\/v2\/types\/post"}],"author":[{"embeddable":true,"href":"http:\/\/argentinamunicipal.com.ar\/argentina\/wp-json\/wp\/v2\/users\/2"}],"replies":[{"embeddable":true,"href":"http:\/\/argentinamunicipal.com.ar\/argentina\/wp-json\/wp\/v2\/comments?post=56961"}],"version-history":[{"count":0,"href":"http:\/\/argentinamunicipal.com.ar\/argentina\/wp-json\/wp\/v2\/posts\/56961\/revisions"}],"wp:featuredmedia":[{"embeddable":true,"href":"http:\/\/argentinamunicipal.com.ar\/argentina\/wp-json\/wp\/v2\/media\/56962"}],"wp:attachment":[{"href":"http:\/\/argentinamunicipal.com.ar\/argentina\/wp-json\/wp\/v2\/media?parent=56961"}],"wp:term":[{"taxonomy":"category","embeddable":true,"href":"http:\/\/argentinamunicipal.com.ar\/argentina\/wp-json\/wp\/v2\/categories?post=56961"},{"taxonomy":"post_tag","embeddable":true,"href":"http:\/\/argentinamunicipal.com.ar\/argentina\/wp-json\/wp\/v2\/tags?post=56961"}],"curies":[{"name":"wp","href":"https:\/\/api.w.org\/{rel}","templated":true}]}}