{"id":56964,"date":"2016-12-05T06:39:42","date_gmt":"2016-12-05T09:39:42","guid":{"rendered":"http:\/\/argentinamunicipal.com.ar\/argentina\/?p=56964"},"modified":"2016-12-05T08:42:07","modified_gmt":"2016-12-05T11:42:07","slug":"mas-tercio-las-pymes-electronicas-redujo-plantel","status":"publish","type":"post","link":"http:\/\/argentinamunicipal.com.ar\/argentina\/mas-tercio-las-pymes-electronicas-redujo-plantel\/","title":{"rendered":"M\u00e1s de un tercio de las pymes electr\u00f3nicas redujo su plantel"},"content":{"rendered":"<p>Una de cada tres pymes de tecnolog\u00eda debi\u00f3 reducir el empleo en lo que va del a\u00f1o, advirti\u00f3 la C\u00e1mara Argentina de Industrias Electr\u00f3nicas, Electromec\u00e1nicas y Luminot\u00e9cnicas (CADIEEL), la cual alert\u00f3 adem\u00e1s sobre \u00abse\u00f1ales preocupantes que desalientan la inversi\u00f3n en el sector\u00bb.<\/p>\n<p>Una de cada tres pymes de tecnolog\u00eda debi\u00f3 reducir el empleo en lo que va del a\u00f1o, advirti\u00f3 la C\u00e1mara Argentina de Industrias Electr\u00f3nicas, Electromec\u00e1nicas y Luminot\u00e9cnicas (CADIEEL), la cual alert\u00f3 adem\u00e1s sobre \u00abse\u00f1ales preocupantes que desalientan la inversi\u00f3n en el sector\u00bb.<\/p>\n<p>En los primeros nueve meses del a\u00f1o, en comparaci\u00f3n con igual per\u00edodo de 2015, el 40 por ciento de las empresas disminuy\u00f3 su facturaci\u00f3n en un promedio de 30,5 por ciento, seg\u00fan los resultados de la Encuesta Coyuntural Sectorial elaborada por la entidad.<\/p>\n<p>Seg\u00fan el informe, el 35 por ciento de las empresas disminuy\u00f3 la plantilla de personal en un 20 por ciento promedio, mientras que el 54 por ciento mantuvo el nivel y s\u00f3lo el 11 por ciento aument\u00f3 sus contrataciones, en una tasa que promedi\u00f3 el 13,5 por ciento.<\/p>\n<p>De ese modo, m\u00e1s de un tercio de las pymes del rubro electr\u00f3nico debi\u00f3 achicar su plantel en medio de \u00abbajas expectativas\u00bb para el \u00faltimo trimestre del a\u00f1o.<\/p>\n<p>Al relevar los niveles de producci\u00f3n y uso de la capacidad instalada, el sondeo indic\u00f3 que el 51 por ciento de las pymes disminuy\u00f3 su producci\u00f3n, el 32 por ciento lo mantuvo y s\u00f3lo el 16 la aument\u00f3.<\/p>\n<p>La variaci\u00f3n promedio de la baja en la producci\u00f3n interanual fue de 32 por ciento, mientras que la del aumento fue de 15,5 por ciento.<\/p>\n<p>El estudio sostuvo que el 52 pro ciento de las industrias manifest\u00f3 que exporta y, de ese grupo, un tercio indic\u00f3 que aument\u00f3 su nivel de exportaciones sobreventas un 45 por ciento promedio.<\/p>\n<p>A su vez, un 44 por ciento lo mantuvo y el restante 22 por ciento admiti\u00f3 que baj\u00f3 en un promedio del 29 por ciento.<\/p>\n<p>El presidente de la c\u00e1mara, Jorge Luis Cavanna, evalu\u00f3 que \u00abhay se\u00f1ales preocupantes que desalientan la inversi\u00f3n en el sector\u00bb.<\/p>\n<p>\u00abHay se\u00f1ales preocupantes que desalientan la inversi\u00f3n en el sector de las pymes electr\u00f3nicas\u00bb<\/p>\n<h6>Fuente: La Capital Rosario<\/h6>\n","protected":false},"excerpt":{"rendered":"<p>Una de cada tres pymes de tecnolog\u00eda debi\u00f3 reducir el empleo en lo que va del a\u00f1o, advirti\u00f3 la C\u00e1mara Argentina de Industrias Electr\u00f3nicas, Electromec\u00e1nicas y Luminot\u00e9cnicas (CADIEEL), la cual alert\u00f3 adem\u00e1s sobre \u00abse\u00f1ales preocupantes que desalientan la inversi\u00f3n en el sector\u00bb.<\/p>\n","protected":false},"author":2,"featured_media":56965,"comment_status":"closed","ping_status":"closed","sticky":false,"template":"","format":"standard","meta":{"footnotes":""},"categories":[8],"tags":[21],"class_list":["post-56964","post","type-post","status-publish","format-standard","has-post-thumbnail","hentry","category-informe-nacional","tag-argentina"],"_links":{"self":[{"href":"http:\/\/argentinamunicipal.com.ar\/argentina\/wp-json\/wp\/v2\/posts\/56964","targetHints":{"allow":["GET"]}}],"collection":[{"href":"http:\/\/argentinamunicipal.com.ar\/argentina\/wp-json\/wp\/v2\/posts"}],"about":[{"href":"http:\/\/argentinamunicipal.com.ar\/argentina\/wp-json\/wp\/v2\/types\/post"}],"author":[{"embeddable":true,"href":"http:\/\/argentinamunicipal.com.ar\/argentina\/wp-json\/wp\/v2\/users\/2"}],"replies":[{"embeddable":true,"href":"http:\/\/argentinamunicipal.com.ar\/argentina\/wp-json\/wp\/v2\/comments?post=56964"}],"version-history":[{"count":0,"href":"http:\/\/argentinamunicipal.com.ar\/argentina\/wp-json\/wp\/v2\/posts\/56964\/revisions"}],"wp:featuredmedia":[{"embeddable":true,"href":"http:\/\/argentinamunicipal.com.ar\/argentina\/wp-json\/wp\/v2\/media\/56965"}],"wp:attachment":[{"href":"http:\/\/argentinamunicipal.com.ar\/argentina\/wp-json\/wp\/v2\/media?parent=56964"}],"wp:term":[{"taxonomy":"category","embeddable":true,"href":"http:\/\/argentinamunicipal.com.ar\/argentina\/wp-json\/wp\/v2\/categories?post=56964"},{"taxonomy":"post_tag","embeddable":true,"href":"http:\/\/argentinamunicipal.com.ar\/argentina\/wp-json\/wp\/v2\/tags?post=56964"}],"curies":[{"name":"wp","href":"https:\/\/api.w.org\/{rel}","templated":true}]}}