{"id":56967,"date":"2016-12-05T08:44:04","date_gmt":"2016-12-05T11:44:04","guid":{"rendered":"http:\/\/argentinamunicipal.com.ar\/argentina\/?p=56967"},"modified":"2016-12-05T08:44:04","modified_gmt":"2016-12-05T11:44:04","slug":"habra-mil-calefones-solares-viviendas-sociales-santa-fe","status":"publish","type":"post","link":"http:\/\/argentinamunicipal.com.ar\/argentina\/habra-mil-calefones-solares-viviendas-sociales-santa-fe\/","title":{"rendered":"Habr\u00e1 mil calefones solares en viviendas sociales de Santa Fe"},"content":{"rendered":"<p>La incorporaci\u00f3n de sistemas solares t\u00e9rmicos es una iniciativa innovadora que fomenta el ahorro y la eficiencia energ\u00e9tica.<\/p>\n<p>El gobierno provincial, a trav\u00e9s de la Secretar\u00eda de Estado del H\u00e1bitat, avanza a paso firme con la incorporaci\u00f3n de calefones solares en 1.000 viviendas sociales de toda la provincia. Se trata de una iniciativa que comenz\u00f3 con 10 viviendas en la comuna de San Carlos Sud, sigui\u00f3 con 44 unidades en G\u00e1lvez, otras 14 en Correa y se consolid\u00f3 con la reciente entrega de 15 unidades a familias de Venado Tuerto. Actualmente, en Rosario se est\u00e1n ejecutando 62 casas con equipos solares en barrio Godoy.<\/p>\n<p>Esta tecnolog\u00eda sustentable para el hogar aprovecha la energ\u00eda de la radiaci\u00f3n solar y permite un ahorro econ\u00f3mico significativo de hasta un 80% de la tarifa anual de gas, ya que reduce o elimina el consumo de gas\/electricidad del calef\u00f3n o termotanque tradicional.<\/p>\n<p>En los prototipos constructivos universales y evolutivos que utiliza el gobierno provincial (flexibles en su crecimiento, en su materializaci\u00f3n -tipol\u00f3gica y formal- y energ\u00e9ticamentes eficientes), los equipos solares t\u00e9rmicos pueden ser utilizados como dispositivos \u00fanicos, o bien combinados con calefones o termotanques convencionales a gas o el\u00e9ctricos.<\/p>\n<p>As\u00ed, en una unidad habitacional de 30 metros cuadrados que incluye ba\u00f1o, cocina, lavadero, espacio com\u00fan de 16 metros cuadrados y diversas alternativas de crecimiento, seg\u00fan la ubicaci\u00f3n en el terreno y la necesidad particular, el sistema auxiliar de calentamiento (termotanque o calef\u00f3n convencional) siempre es recomendable.<\/p>\n<p>Se tiene en cuenta la necesidad de respaldo para los d\u00edas del a\u00f1o donde el recurso solar es menor, principalmente d\u00edas invernales o nublados con baja radiaci\u00f3n solar.<\/p>\n<p>Para el secretario de Estado del H\u00e1bitat, Diego Leone, esta iniciativa \u00abambiciosa e innovadora, contribuye a mejorar la calidad de vida de m\u00e1s familias santafesinas\u00bb.<\/p>\n<p>\u00abPusimos en marcha una inversi\u00f3n in\u00e9dita en viviendas sustentables para garantizar el acceso a un h\u00e1bitat de calidad en todo el territorio. Obra p\u00fablica de excelencia, la muestra de un gobierno provincial presente, con fuerte compromiso en materia de sustentabilidad\u00bb, subray\u00f3.<\/p>\n<p>La secretaria de Estado de Energ\u00eda, Ver\u00f3nica Geese, remarc\u00f3: \u00abNos sentimos muy orgullosos de estar participando en este proyecto. Nuestro objetivo es que todas las viviendas cuya construcci\u00f3n gestione el gobierno provincial est\u00e9n equipadas con calefones solares. Creemos que resultar\u00e1 una experiencia altamente beneficiosa para los propietarios de las viviendas, en cuanto a ahorro de energ\u00eda, y como herramienta de difusi\u00f3n de sus ventajas entre otros vecinos del barrio y la ciudad\u00bb.<\/p>\n<p>Algunos de los equipos solares que equipar\u00e1n las viviendas de los futuros proyectos habitacionales sociales pertenecen al Programa \u00abUn sol para tu techo\u00bb de la Secretaria de Estado de la Energ\u00eda.<\/p>\n<p>Se trata de equipos homologados por la plataforma de ensayos de Inti, de sencilla instalaci\u00f3n y f\u00e1cil mantenimiento, con capacidad para 180 litros y una vida \u00fatil promedio de 20 a\u00f1os. De fabricaci\u00f3n santafesina, son altamente resistentes y cuentan con 3 a\u00f1os de garant\u00eda una vez instalados, seg\u00fan detall\u00f3 el subsecretario de Energ\u00edas Renovables, Maximiliano Neri.<\/p>\n<p>En localidades que no cuentan con red de gas natural, los calefones solares constituyen una alternativa y una soluci\u00f3n ideal, ya que, dichos equipos, se amortizan en un a\u00f1o y medio o dos, dependiendo de la fuente de energ\u00eda primaria utilizada para calentar el agua.<\/p>\n<p>A la gran cantidad de empleo directo e indirecto que genera la construcci\u00f3n de viviendas, debe sum\u00e1rsele los cursos de capacitaci\u00f3n que viene llevando a cabo la provincia desde 2014 y que, a la fecha, suman 178 instaladores certificados en las ciudades de Santa Fe, Reconquista, Tostado, Rafaela, Venado Tuerto y otras localidades del sur provincial.<\/p>\n<h6>Fuente: Uno Santa Fe<\/h6>\n","protected":false},"excerpt":{"rendered":"<p>La incorporaci\u00f3n de sistemas solares t\u00e9rmicos es una iniciativa innovadora que fomenta el ahorro y la eficiencia energ\u00e9tica.<\/p>\n","protected":false},"author":2,"featured_media":56968,"comment_status":"closed","ping_status":"closed","sticky":false,"template":"","format":"standard","meta":{"footnotes":""},"categories":[2],"tags":[10],"class_list":["post-56967","post","type-post","status-publish","format-standard","has-post-thumbnail","hentry","category-informe-municipal","tag-santa-fe"],"_links":{"self":[{"href":"http:\/\/argentinamunicipal.com.ar\/argentina\/wp-json\/wp\/v2\/posts\/56967","targetHints":{"allow":["GET"]}}],"collection":[{"href":"http:\/\/argentinamunicipal.com.ar\/argentina\/wp-json\/wp\/v2\/posts"}],"about":[{"href":"http:\/\/argentinamunicipal.com.ar\/argentina\/wp-json\/wp\/v2\/types\/post"}],"author":[{"embeddable":true,"href":"http:\/\/argentinamunicipal.com.ar\/argentina\/wp-json\/wp\/v2\/users\/2"}],"replies":[{"embeddable":true,"href":"http:\/\/argentinamunicipal.com.ar\/argentina\/wp-json\/wp\/v2\/comments?post=56967"}],"version-history":[{"count":0,"href":"http:\/\/argentinamunicipal.com.ar\/argentina\/wp-json\/wp\/v2\/posts\/56967\/revisions"}],"wp:featuredmedia":[{"embeddable":true,"href":"http:\/\/argentinamunicipal.com.ar\/argentina\/wp-json\/wp\/v2\/media\/56968"}],"wp:attachment":[{"href":"http:\/\/argentinamunicipal.com.ar\/argentina\/wp-json\/wp\/v2\/media?parent=56967"}],"wp:term":[{"taxonomy":"category","embeddable":true,"href":"http:\/\/argentinamunicipal.com.ar\/argentina\/wp-json\/wp\/v2\/categories?post=56967"},{"taxonomy":"post_tag","embeddable":true,"href":"http:\/\/argentinamunicipal.com.ar\/argentina\/wp-json\/wp\/v2\/tags?post=56967"}],"curies":[{"name":"wp","href":"https:\/\/api.w.org\/{rel}","templated":true}]}}