{"id":56999,"date":"2016-12-07T06:04:52","date_gmt":"2016-12-07T09:04:52","guid":{"rendered":"http:\/\/argentinamunicipal.com.ar\/argentina\/?p=56999"},"modified":"2016-12-07T07:06:27","modified_gmt":"2016-12-07T10:06:27","slug":"titular-del-conicet-rosario-dijo-ajuste-ciencia-puede-terminar-una-fuga-cerebros","status":"publish","type":"post","link":"http:\/\/argentinamunicipal.com.ar\/argentina\/titular-del-conicet-rosario-dijo-ajuste-ciencia-puede-terminar-una-fuga-cerebros\/","title":{"rendered":"El titular del Conicet Rosario dijo que \u00abel ajuste en ciencia puede terminar en una fuga de cerebros\u00bb"},"content":{"rendered":"<p>Roberto Rivarola mostr\u00f3 fuerte preocupaci\u00f3n: en el 2017 el ingreso de investigadores se reduce en m\u00e1s del 60 por ciento<\/p>\n<p>Los n\u00fameros dan la raz\u00f3n al director del Conicet Rosario, Roberto Rivarola, cuando afirma que el gobierno de Mauricio Macri cree que \u00abel desarrollo de la ciencia y la tecnolog\u00eda en un pa\u00eds funciona como una empresa: si no me \u00abrinde ya\u00bb, lo desmantelo, le doy de baja\u00bb. Como ejemplos, el m\u00e1s ostensible es la reducci\u00f3n de m\u00e1s del 60 por ciento en la cantidad de investigadores que entrar\u00e1n el a\u00f1o pr\u00f3ximo a la carrera (385, contra 943 del \u00faltimo ingreso), pero tambi\u00e9n lo son la virtual paralizaci\u00f3n de obras, las demoras en liquidar recursos a los 13 institutos que funcionan en la ciudad, el achique de los fondos nacionales para ciencia y tecnolog\u00eda, que pasaron del 1,53 al 1,40 por ciento del presupuesto global, y otras perlitas que echan por tierra el plan trazado en el 2004 para llegar al 2020 con 15 mil investigadores, a raz\u00f3n de un 10 por ciento m\u00e1s por a\u00f1o.<\/p>\n<p>Rivarola dijo que hay \u00abmucha preocupaci\u00f3n\u00bb en el Conicet local ante el \u00abfuerte cambio de paradigma\u00bb, que vuelve a restringir el futuro argentino a un rol agroexportador, y anticip\u00f3 que eso podr\u00eda redundar en una nueva \u00abfuga de cerebros\u00bb, como supo ocurrir cuando se mandaba a los cient\u00edficos a lavar los platos.<\/p>\n<p>En m\u00e1s de un aspecto la historia argentina parece c\u00edclica. Por ejemplo, cuando se rifan los logros alcanzados en materia de desarrollo cient\u00edfico y se vuelve a ajustar el presupuesto para la investigaci\u00f3n. Eso le qued\u00f3 claro al directorio del Consejo Nacional de Investigaciones Cient\u00edficas y T\u00e9cnicas (Conicet) al analizar c\u00f3mo impactar\u00eda en el organismo la reducci\u00f3n del presupuesto 2017 aprobada por el Congreso.<\/p>\n<p>R\u00e1pidamente sus integrantes hicieron cuentas y entendieron que aunque el plan estrat\u00e9gico dise\u00f1ado para el organismo contemplaba que a\u00f1o a a\u00f1o se fuera sumando un 10 por ciento de investigadores a la carrera (cifra que se iba cumpliendo), en el 2017 ir\u00edan para atr\u00e1s. Y nada menos que en un 60 por ciento.<\/p>\n<p>Aunque de los 385 investigadores que entrar\u00e1n el a\u00f1o pr\u00f3ximo a la carrera del Conicet \u00abno se puede calcular cu\u00e1ntos corresponder\u00e1n a Rosario (porque depende de las evaluaciones)\u00bb, s\u00ed se sabe que el achique dif\u00edcilmente escape a esa proporci\u00f3n, sostuvo Rivarola.<\/p>\n<p>Bajo el paraguas del Centro Cient\u00edfico y Tecnol\u00f3gico Rosario, hoy trabajan 1.075 personas: 420 investigadores, 504 becarios, 101 profesores y t\u00e9cnicos, y 50 empleados administrativos.<\/p>\n<p>En esa \u00f3rbita funcionan adem\u00e1s trece institutos de investigaci\u00f3n, que este a\u00f1o sufrieron grandes atrasos en el desembolso de fondos. \u00abLlegaron reci\u00e9n en agosto\u00bb, cont\u00f3 el director del Conicet local, f\u00edsico y tambi\u00e9n al frente de una de esas unidades, el Ifir.<\/p>\n<p><strong>Fondos a cuentagotas<\/strong><\/p>\n<p>La tardanza del gobierno en girar esos dineros impidi\u00f3 a los institutos justificar el pedido de refuerzos presupuestarios, ya que ni alcanzaron a ejecutar esas partidas. Lo que obviamente no evitar\u00e1 el ajuste porque el argumento de las autoridades nacionales (una \u00abverdadera estrategia\u00bb) pas\u00f3 a ser \u00abentonces podr\u00e1n sobrevivir hasta marzo\u00bb.<\/p>\n<p>En materia de infraestructura, todo el plan de obras del Conicet local este a\u00f1o qued\u00f3 \u00abparalizado\u00bb, dijo Rivarola. \u00abLo \u00fanico que pudimos hacer fue poner vidrios en las aberturas del edificio del Cefobi-Ifise (Centro de Estudios Fotosint\u00e9ticos y Bioqu\u00edmicos, e Instituto de Fisiolog\u00eda Experimental) para que no entrara agua\u00bb, grafic\u00f3.<\/p>\n<p>En cuanto a la incorporaci\u00f3n de nuevos becarios, el funcionario relat\u00f3 que el ex titular del organismo Roberto Salvarezza, electo este a\u00f1o por sus pares para dirigir el Gran Area de Ciencias Exactas y Naturales, le anticip\u00f3 que \u00abaparentemente\u00bb no habr\u00eda recortes.<\/p>\n<p>\u00abDe all\u00ed que el mensaje del gobierno parece ser: no reducimos en formaci\u00f3n, pero mejor que los cient\u00edficos vayan busc\u00e1ndose trabajo en la empresa privada\u00bb, razon\u00f3, un paradigma congruente con \u00abpensar el pa\u00eds s\u00f3lo desde un esquema agroexportador\u00bb, con prescindencia de la \u00absoberan\u00eda\u00bb que aporta el desarrollo cient\u00edfico.<\/p>\n<p>Ante un ajuste tan evidente, Rivarola sostuvo que las reacciones de \u00abla enorme mayor\u00eda\u00bb de sus pares va de una \u00abenorme preocupaci\u00f3n al enojo\u00bb. Y, nuevamente, emigrar al exterior para formarse o investigar reaparece como horizonte. \u00abAlgo que no est\u00e1 mal, pero nunca como \u00fanica salida\u00bb, dijo.<\/p>\n<p>\u00abEsto se debe al modelo a que apuesta el gobierno nacional: en los \u00faltimos a\u00f1os formamos 600 investigadores y despu\u00e9s no se les permite acceder al sistema cient\u00edfico-tecnol\u00f3gico\u00bb, sostuvo. La preocupaci\u00f3n ya fue expresada a legisladores (ver recuadro) y por carta al propio Macri, hasta ahora sin respuesta.<\/p>\n<p>La \u00abparadoja es que Macri dec\u00eda en su campa\u00f1a que duplicar\u00eda el presupuesto para ciencia y tecnolog\u00eda, y no dej\u00f3 de reducirlo en todo\u00bb. Como ejemplo, Rivarola contabiliz\u00f3 que en 2017 a Conicet Rosario \u00able faltar\u00e1n cien millones de pesos simplemente para estar en la misma (y ya penosa) situaci\u00f3n de este a\u00f1o\u00bb.<\/p>\n<h6>Fuente: La Capital Rosario<\/h6>\n","protected":false},"excerpt":{"rendered":"<p>Roberto Rivarola mostr\u00f3 fuerte preocupaci\u00f3n: en el 2017 el ingreso de investigadores se reduce en m\u00e1s del 60 por ciento<\/p>\n","protected":false},"author":2,"featured_media":57000,"comment_status":"closed","ping_status":"closed","sticky":false,"template":"","format":"standard","meta":{"footnotes":""},"categories":[8],"tags":[21],"class_list":["post-56999","post","type-post","status-publish","format-standard","has-post-thumbnail","hentry","category-informe-nacional","tag-argentina"],"_links":{"self":[{"href":"http:\/\/argentinamunicipal.com.ar\/argentina\/wp-json\/wp\/v2\/posts\/56999","targetHints":{"allow":["GET"]}}],"collection":[{"href":"http:\/\/argentinamunicipal.com.ar\/argentina\/wp-json\/wp\/v2\/posts"}],"about":[{"href":"http:\/\/argentinamunicipal.com.ar\/argentina\/wp-json\/wp\/v2\/types\/post"}],"author":[{"embeddable":true,"href":"http:\/\/argentinamunicipal.com.ar\/argentina\/wp-json\/wp\/v2\/users\/2"}],"replies":[{"embeddable":true,"href":"http:\/\/argentinamunicipal.com.ar\/argentina\/wp-json\/wp\/v2\/comments?post=56999"}],"version-history":[{"count":0,"href":"http:\/\/argentinamunicipal.com.ar\/argentina\/wp-json\/wp\/v2\/posts\/56999\/revisions"}],"wp:featuredmedia":[{"embeddable":true,"href":"http:\/\/argentinamunicipal.com.ar\/argentina\/wp-json\/wp\/v2\/media\/57000"}],"wp:attachment":[{"href":"http:\/\/argentinamunicipal.com.ar\/argentina\/wp-json\/wp\/v2\/media?parent=56999"}],"wp:term":[{"taxonomy":"category","embeddable":true,"href":"http:\/\/argentinamunicipal.com.ar\/argentina\/wp-json\/wp\/v2\/categories?post=56999"},{"taxonomy":"post_tag","embeddable":true,"href":"http:\/\/argentinamunicipal.com.ar\/argentina\/wp-json\/wp\/v2\/tags?post=56999"}],"curies":[{"name":"wp","href":"https:\/\/api.w.org\/{rel}","templated":true}]}}