{"id":57002,"date":"2016-12-07T07:08:37","date_gmt":"2016-12-07T10:08:37","guid":{"rendered":"http:\/\/argentinamunicipal.com.ar\/argentina\/?p=57002"},"modified":"2016-12-07T07:08:37","modified_gmt":"2016-12-07T10:08:37","slug":"llamado-la-resistencia","status":"publish","type":"post","link":"http:\/\/argentinamunicipal.com.ar\/argentina\/llamado-la-resistencia\/","title":{"rendered":"Un llamado a la resistencia"},"content":{"rendered":"<p>La convocatoria es a Plaza de Mayo a las 18. Tambi\u00e9n habr\u00e1 movilizaciones en varias ciudades del pa\u00eds para reclamar por la continuidad de los juicios a los represores y las pol\u00edticas de memoria, y por la libertad de Milagro Sala.<\/p>\n<p>\u201cSeguimos resistiendo\u201d, eligieron como consigna los organismos de derechos humanos nacionales para acompa\u00f1ar la Jornada Nacional de Lucha que realizar\u00e1n el pr\u00f3ximo s\u00e1bado en la Plaza de Mayo \u201cy en todas las plazas del pa\u00eds\u201d. Eligieron el D\u00eda Internacional de los Derechos Humanos y el aniversario del retorno a la democracia para la convocatoria que busca \u201cdifundir por lo que desde hace 40 a\u00f1os trabajamos, no olvidar y que no vuelva a pasar\u201d, explic\u00f3 Estela de Carlotto en relaci\u00f3n a los cr\u00edmenes de lesa humanidad cometidos durante la \u00faltima dictadura c\u00edvico militar, pero tambi\u00e9n \u201creclamar y repudiar todas las situaciones que este a\u00f1o pusieron al movimiento de los derechos humanos en plan de lucha\u201d, a\u00f1adi\u00f3 Lita Boitano.<\/p>\n<p>Los organismos de derechos humanos se movilizan esta vez con una lista de reclamos que incluye la continuidad de los juicios a los genocidas y a sus c\u00f3mplices civiles, que los culpables sean condenados a \u201cc\u00e1rcel com\u00fan, perpetua y efectiva\u201d, el rechazo al \u201cdesmantelamiento de las pol\u00edticas de memoria\u201d, el pedido de la libertad a Milagro Sala y de todos los presos pol\u00edticos por luchar, la oposici\u00f3n a las pol\u00edticas de ajuste \u201caplicadas por este Gobierno\u201d, que Jorge Julio L\u00f3pez aparezca con vida, la restituci\u00f3n de la identidad a los 400 nietos y nietas apropiados por el terrorismo de Estado. \u201cTodos los d\u00edas se agregan nuevos\u201d, apuntaron ayer en una conferencia de prensa que ambas titulares de Abuelas de Plaza de Mayo y de Familiares de Desaparecidos y Detenidos por Razones Pol\u00edticas respectivamente compartieron junto a referentes del resto de los organismos convocantes para anunciar la actividad. \u201cResistir, resistir, resistir. No vamos a parar\u201d, concluy\u00f3 Boitano.<\/p>\n<p>La concentraci\u00f3n es un reflejo del trabajo unificado que llevaron a cabo todo el a\u00f1o Abuelas, Familiares y casi todos los otros organismos de derechos humanos \u2013Madres de Plaza de Mayo, Hijos, la Asamblea Permanente por los Derechos Humanos (incluida su l\u00ednea de La Matanza), la Liga Argentina por los Derechos Humanos, el Movimiento Ecum\u00e9nico, la Comisi\u00f3n Memoria, Verdad y Justicia de Zona Norte, los Familiares y compa\u00f1eros de los 12 de la Santa Cruz, la Fundaci\u00f3n Memoria Hist\u00f3rica y Social de la Argentina y el Servicio Paz y Justicia\u2013.<\/p>\n<p>Al respecto, argument\u00f3 Graciela Rosemblum, de la Liga: \u201cHemos construido a lo largo de 40 a\u00f1os una forma de enfrentar la dura realidad que nuestro pueblo pas\u00f3, que tiene que ver con m\u00e1s organizaci\u00f3n, m\u00e1s lucha, m\u00e1s persistencia, m\u00e1s unidad. Ese es el camino que tomamos para este 10 de diciembre, pensando que la pelea por los problemas de nuestro pueblo no solo hace a la lucha por memoria, la verdad y la justicia, sino a la resistencia frente a un proyecto de pa\u00eds que no se corresponde con lo que nuestro pueblo sue\u00f1a\u201d.<\/p>\n<p>Los organismos convocan a asistir en todas las plazas del pa\u00eds a partir de las 18. Una gran cantidad de organizaciones pol\u00edticas, sociales, estudiantiles y gremiales\u00a0 \u2013La C\u00e1mpora, Movimiento Evita, la Tupac Amaru y el Partido Solidario, la CTA, Suteba y Ctera,\u00a0 entre otros\u2013, confirmaron su presencia en la Plaza de Mayo, donde los organismos leer\u00e1n un documento consensuado y el murguero Ariel Prat, el folklorista Peteco Carabajal y las bandas La Franela y Bersuit Vergarabat aportar\u00e1n, luego, su m\u00fasica.<\/p>\n<p>La jornada es una continuidad de la trig\u00e9simo sexta Marcha de la Resistencia que realizar\u00e1n ma\u00f1ana las Madres de Plaza de Mayo alrededor de la Pir\u00e1mide de la plaza. \u201cHaremos nuestra ronda, dejaremos una ofrenda de flores en donde est\u00e1n depositadas las cenizas de nuestra fundadora, Azucena Villaflor, y luego iremos a la Iglesia de la Santa Cruz. Este es un a\u00f1o particular, aunque podemos decir que no cambia nuestra historia, porque nosotros nunca abandonamos nuestras consignas, nunca jam\u00e1s nos hemos callado y hemos resistido siempre\u201d, detall\u00f3 la Madre Vera Jarach.<\/p>\n<p>Boitano coincidi\u00f3: \u201cNunca dejamos de hacer la Marcha de la Resistencia, pero ahora tenemos que pararnos frente a situaciones que cre\u00edamos que nunca m\u00e1s suceder\u00edan\u201d. Se refiri\u00f3 a la detenci\u00f3n de Milagro Sala, que permanece encarcelada de manera arbitraria, tal como lo determin\u00f3 el Grupo de Trabajo de Detenci\u00f3n Arbitraria de la ONU, desde enero pasado. El Gobierno sigue sin atender a la resoluci\u00f3n de ese organismo especializado \u2013a la que se plegaron en los \u00faltimos d\u00edas la Organizaci\u00f3n de Estados Americanos y la Comisi\u00f3n Interamericana de Derechos Humanos\u2013, que reclam\u00f3 su liberaci\u00f3n. \u201cSu detenci\u00f3n es emblem\u00e1tica y puede ser la primera de muchas\u201d, se\u00f1al\u00f3 la titular de Familiares como una de las \u201csituaciones que fueron poniendo en pie de lucha\u201d al movimiento de derechos humanos nacional.<\/p>\n<p>\u201cEl vaciamiento de presupuesto y de personal capacitado\u201d de pol\u00edticas de memoria, verdad y justicia y de organismos encargados de aplicarlas, sum\u00f3 Carlotto al c\u00famulo de situaciones \u201cp\u00e9simas\u201d que sucedieron en 2016, como \u201cel ajuste y los despidos\u201d. \u201cEl nuevo personal reconoce que no sabe y dice que est\u00e1 aprendiendo. Se aprende antes de asumir un cargo, no sobre la marcha\u201d, se quej\u00f3 la Abuela, quien sentenci\u00f3: \u201cEl balance en materia de derechos humanos de este primer a\u00f1o de gobierno es p\u00e9simo\u201d<\/p>\n<p>Carlotto tambi\u00e9n se cuestion\u00f3 la intenci\u00f3n del Gobierno nacional de trasladar el feriado del D\u00eda de la Memoria, el 24 de marzo. \u201cHemos visto que el 24 se ha puesto como movible para facilitar el turismo y no puede ser. Debe ser fija permanente, es una fecha sagrada y lo sagrado no debe tocarse, no vamos a permitirlo\u201d, advirti\u00f3. Adriana Taboada, de la Comisi\u00f3n Memoria, Verdad y Justicia Zona Norte, detall\u00f3 el m\u00e1s reciente retroceso que \u201cel proceso de memoria verdad y justicia se encontr\u00f3 esta misma ma\u00f1ana\u201d, por ayer: \u201cSe ha reabierto la c\u00e1rcel de Campo de Mayo, imaginamos que van a volver a llenarla de presos condenados por los peores cr\u00edmenes que se cometieron en el pa\u00eds, por los que siguen sin dar respuesta, siguen manteniendo el pacto de silencio. Queremos repudiar esta decisi\u00f3n, veremos qu\u00e9 medidas consensuadas tomamos al respecto\u201d, advirti\u00f3.<\/p>\n<h6>Fuente: P\u00e1gina 12<\/h6>\n","protected":false},"excerpt":{"rendered":"<p>La convocatoria es a Plaza de Mayo a las 18. Tambi\u00e9n habr\u00e1 movilizaciones en varias ciudades del pa\u00eds para reclamar por la continuidad de los juicios a los represores y las pol\u00edticas de memoria, y por la libertad de Milagro Sala.<\/p>\n","protected":false},"author":2,"featured_media":57003,"comment_status":"closed","ping_status":"closed","sticky":false,"template":"","format":"standard","meta":{"footnotes":""},"categories":[8],"tags":[21],"class_list":["post-57002","post","type-post","status-publish","format-standard","has-post-thumbnail","hentry","category-informe-nacional","tag-argentina"],"_links":{"self":[{"href":"http:\/\/argentinamunicipal.com.ar\/argentina\/wp-json\/wp\/v2\/posts\/57002","targetHints":{"allow":["GET"]}}],"collection":[{"href":"http:\/\/argentinamunicipal.com.ar\/argentina\/wp-json\/wp\/v2\/posts"}],"about":[{"href":"http:\/\/argentinamunicipal.com.ar\/argentina\/wp-json\/wp\/v2\/types\/post"}],"author":[{"embeddable":true,"href":"http:\/\/argentinamunicipal.com.ar\/argentina\/wp-json\/wp\/v2\/users\/2"}],"replies":[{"embeddable":true,"href":"http:\/\/argentinamunicipal.com.ar\/argentina\/wp-json\/wp\/v2\/comments?post=57002"}],"version-history":[{"count":0,"href":"http:\/\/argentinamunicipal.com.ar\/argentina\/wp-json\/wp\/v2\/posts\/57002\/revisions"}],"wp:featuredmedia":[{"embeddable":true,"href":"http:\/\/argentinamunicipal.com.ar\/argentina\/wp-json\/wp\/v2\/media\/57003"}],"wp:attachment":[{"href":"http:\/\/argentinamunicipal.com.ar\/argentina\/wp-json\/wp\/v2\/media?parent=57002"}],"wp:term":[{"taxonomy":"category","embeddable":true,"href":"http:\/\/argentinamunicipal.com.ar\/argentina\/wp-json\/wp\/v2\/categories?post=57002"},{"taxonomy":"post_tag","embeddable":true,"href":"http:\/\/argentinamunicipal.com.ar\/argentina\/wp-json\/wp\/v2\/tags?post=57002"}],"curies":[{"name":"wp","href":"https:\/\/api.w.org\/{rel}","templated":true}]}}