{"id":57005,"date":"2016-12-07T07:13:37","date_gmt":"2016-12-07T10:13:37","guid":{"rendered":"http:\/\/argentinamunicipal.com.ar\/argentina\/?p=57005"},"modified":"2016-12-07T07:13:37","modified_gmt":"2016-12-07T10:13:37","slug":"mas-cerca-la-emergencia-social","status":"publish","type":"post","link":"http:\/\/argentinamunicipal.com.ar\/argentina\/mas-cerca-la-emergencia-social\/","title":{"rendered":"M\u00e1s cerca de la emergencia social"},"content":{"rendered":"<p>La propuesta, que prev\u00e9 una inversi\u00f3n de 10 mil millones de pesos hasta 2019, obtuvo media sanci\u00f3n con 227 votos a favor, cuatro abstenciones del FIT y un solo voto en contra. Ahora deber\u00e1 tratarla el Senado.<\/p>\n<p>Con un debate que incluy\u00f3 fuertes cr\u00edticas a la pol\u00edtica econ\u00f3mica de Mauricio Macri, la C\u00e1mara de Diputados dio media sanci\u00f3n al proyecto de emergencia social que la Confederaci\u00f3n de Trabajadores de la Econom\u00eda Popular, Barrios de Pie y la Corriente Clasista y Combativa le arrancaron al Gobierno con movilizaciones en la calle, como la que ayer se reprodujo frente al Congreso durante el debate. El proyecto, que ahora deber\u00e1 tratar el Senado en sesiones extraordinarias, establece que el Gobierno destinar\u00e1 10 mil millones de pesos mientras dure la emergencia hasta 2019, la creaci\u00f3n de un Consejo de la Econom\u00eda Popular para discutir un salario social complementario, y el incremento de las remuneraciones de los cooperativistas beneficiarios de los planes sociales \u2013de 3200 a 4000 mil pesos mensuales y un medio aguinaldo o bono en diciembre de 2030 pesos\u2013. La propuesta fue respaldada por 227 votos positivos, la abstenci\u00f3n de los cuatro diputados del FIT y un solo voto contra.<\/p>\n<p>Desde el oficialismo \u2013que en principio se opon\u00eda a la emergencia\u2013 valoraron el acuerdo con las organizaciones sociales y el \u201csinceramiento del nuevo Indec sobre la pobreza en la Argentina\u201d, adem\u00e1s de volver a cargar las culpas sobre la \u201cherencia recibida\u201d. El macrista Luciano Laspina calific\u00f3 a la ley como un \u201cinstrumento para terminar con el conflicto social en la calle\u201d.<\/p>\n<p>Los diputados que representan a las organizaciones sociales que lograron el acuerdo con el Gobierno, rescataron \u201cel marco institucional\u201d\u00a0 alcanzado para los trabajadores de la econom\u00eda popular en \u201ceste capitalismo de exclusi\u00f3n\u201d, y sostuvieron que no abandonar\u00e1n la calle para pelear por sus derechos. \u201cEl sector m\u00e1s empobrecido de la clase trabajadora logr\u00f3, a trav\u00e9s de la unidad de la calle, imponerle agenda a este gobierno de grupos econ\u00f3micos concentrados\u201d, sostuvo Leonardo Grosso (PpV-Movimiento Evita). \u201cLos reclamos por esta ley no llegaron por la voluntad de la pol\u00edtica, llegaron porque los movimientos sociales inundaron las calles el 7 de agosto\u201d, dijo, en referencia a la movilizaci\u00f3n por San Cayetano a Plaza de Mayo.<\/p>\n<p>\u201cHay cinco millones de ni\u00f1os por debajo de la l\u00ednea de la pobreza, y esos ni\u00f1os en esa situaci\u00f3n hace catorce a\u00f1os que lo \u00fanico que conocen es la cuchara, porque lo \u00fanico que pueden comer en esta Argentina de la emergencia social es un plato de sopa, un plato de guiso o en el mejor de los casos alguna alb\u00f3ndiga con unos fideos\u201d, sostuvo Federico Masso, de Libres del Sur, mostrando unos cubiertos.<\/p>\n<p>Aunque acompa\u00f1aron el proyecto con su voto, desde el Frente para la Victoria cuestionaron que el acuerdo con el Gobierno no incluy\u00f3 la creaci\u00f3n de un mill\u00f3n de puestos de trabajo ni los aumentos a las asignaciones por hijo y embarazo que s\u00ed conten\u00eda la media sanci\u00f3n de la emergencia que hab\u00eda aprobado el Senado. Fernanda Raverta critic\u00f3 la \u201cextorsi\u00f3n de Macri para exigir en el acuerdo la desmovilizaci\u00f3n de los movimientos sociales mientras dure la emergencia\u201d y lo acus\u00f3 de \u201cquerer comprar la paz social lo m\u00e1s barato posible\u201d. Edgardo Depetri cuestion\u00f3 que el Gobierno destine 30 mil millones de pesos en tres a\u00f1os para los sectores m\u00e1s vulnerables de la sociedad y le perdonara 20 mil millones de multas a las compa\u00f1\u00edas el\u00e9ctricas Edenor y Edesur.<\/p>\n<p>Desde el Frente Renovador y el Bloque Justicialista celebraron el acuerdo, con cr\u00edticas al Gobierno. \u201cLlegamos a este punto despu\u00e9s de haber impulsado un proyecto en el Senado y despu\u00e9s de haber comprendido las organizaciones sociales que ten\u00eda que haber un proyecto l\u00f3gico\u201d, indic\u00f3 el diputado massista H\u00e9ctor Daer, integrante del triunvirato de conducci\u00f3n de la CGT. El sindicalista pidi\u00f3 \u201cautocr\u00edtica\u201d al Gobierno y \u201cterminar con el asistencialismo\u201d.<\/p>\n<p>\u201cNo se supera la emergencia social estatizando organizaciones de lucha\u201d, sostuvo N\u00e9stor Pitrola (FIT) y agreg\u00f3: \u201cContraponemos el derecho al trabajo y la lucha obrera y popular al asistencialismo clientelar y la cooptaci\u00f3n de organizaciones sindicales y populares\u201d.<\/p>\n<p>\u201cLes est\u00e1n dando plata por no trabajar y encima les aumentan el subsidio. Paren la mano, prueben laburando. Esta ley fomenta la vagancia\u201d, dijo Alfredo Olmedo, el empresario acusado de tener trabajo esclavo en sus campos de La Rioja. \u201cNo hay que darles plata para que tomen droga\u201d, agreg\u00f3 el productor sojero, emulando al radical Ernesto Sanz sobre el destino de los planes sociales.<\/p>\n<h6>Fuente: P\u00e1gina 12<\/h6>\n","protected":false},"excerpt":{"rendered":"<p>La propuesta, que prev\u00e9 una inversi\u00f3n de 10 mil millones de pesos hasta 2019, obtuvo media sanci\u00f3n con 227 votos a favor, cuatro abstenciones del FIT y un solo voto en contra. Ahora deber\u00e1 tratarla el Senado.<\/p>\n","protected":false},"author":2,"featured_media":57006,"comment_status":"closed","ping_status":"closed","sticky":false,"template":"","format":"standard","meta":{"footnotes":""},"categories":[8],"tags":[21],"class_list":["post-57005","post","type-post","status-publish","format-standard","has-post-thumbnail","hentry","category-informe-nacional","tag-argentina"],"_links":{"self":[{"href":"http:\/\/argentinamunicipal.com.ar\/argentina\/wp-json\/wp\/v2\/posts\/57005","targetHints":{"allow":["GET"]}}],"collection":[{"href":"http:\/\/argentinamunicipal.com.ar\/argentina\/wp-json\/wp\/v2\/posts"}],"about":[{"href":"http:\/\/argentinamunicipal.com.ar\/argentina\/wp-json\/wp\/v2\/types\/post"}],"author":[{"embeddable":true,"href":"http:\/\/argentinamunicipal.com.ar\/argentina\/wp-json\/wp\/v2\/users\/2"}],"replies":[{"embeddable":true,"href":"http:\/\/argentinamunicipal.com.ar\/argentina\/wp-json\/wp\/v2\/comments?post=57005"}],"version-history":[{"count":0,"href":"http:\/\/argentinamunicipal.com.ar\/argentina\/wp-json\/wp\/v2\/posts\/57005\/revisions"}],"wp:featuredmedia":[{"embeddable":true,"href":"http:\/\/argentinamunicipal.com.ar\/argentina\/wp-json\/wp\/v2\/media\/57006"}],"wp:attachment":[{"href":"http:\/\/argentinamunicipal.com.ar\/argentina\/wp-json\/wp\/v2\/media?parent=57005"}],"wp:term":[{"taxonomy":"category","embeddable":true,"href":"http:\/\/argentinamunicipal.com.ar\/argentina\/wp-json\/wp\/v2\/categories?post=57005"},{"taxonomy":"post_tag","embeddable":true,"href":"http:\/\/argentinamunicipal.com.ar\/argentina\/wp-json\/wp\/v2\/tags?post=57005"}],"curies":[{"name":"wp","href":"https:\/\/api.w.org\/{rel}","templated":true}]}}