{"id":57023,"date":"2016-12-07T06:33:22","date_gmt":"2016-12-07T09:33:22","guid":{"rendered":"http:\/\/argentinamunicipal.com.ar\/argentina\/?p=57023"},"modified":"2016-12-07T07:35:05","modified_gmt":"2016-12-07T10:35:05","slug":"gremios-afirman-costo-vida-los-asalariados-subio-416-anual","status":"publish","type":"post","link":"http:\/\/argentinamunicipal.com.ar\/argentina\/gremios-afirman-costo-vida-los-asalariados-subio-416-anual\/","title":{"rendered":"Gremios afirman que el costo de vida de los asalariados subi\u00f3 41,6% anual"},"content":{"rendered":"<p>El costo de vida de los trabajadores asalariados de la econom\u00eda aument\u00f3 un 41,6% en noviembre respecto del mismo mes del a\u00f1o pasado, seg\u00fan un indicador elaborado por un instituto integrado por gremios de la CGT y la CTA.<\/p>\n<p>El indicador mensual arroj\u00f3 una inflaci\u00f3n del 1,6% para noviembre, en comparaci\u00f3n con octubre, seg\u00fan report\u00f3 el Instituto Estad\u00edstico de los Trabajadores (IET) al presentar su informe la CTA que conduce el sindicalista Hugo Yasky.<\/p>\n<p>El poder adquisitivo de los trabajadores cay\u00f3 en promedio un 6,5% anual en noviembre.<\/p>\n<p>El 80,1% de los 326 rubros que componen la canasta medida por el IET registraron subas entre octubre y noviembre; el 12,6% mostraron alguna baja; y el 7,4% restante se mantuvieron sin cambios.<\/p>\n<p>Con un alza del 3% promedio, la indumentaria lider\u00f3 la suba de precios en noviembre, seguida por alimentos y bebidas con un 1,8% y gastos generales de la vivienda, que se incrementaron 1,7%.<\/p>\n<p>El \u00edtem transporte y comunicaciones se encareci\u00f3 1,3%; el esparcimiento avanz\u00f3 1,2%; el mantenimiento del hogar se expandi\u00f3 1,1%; la educaci\u00f3n mostr\u00f3 un alza del 0,6%; y la salud, un 0,5%, al igual el componente \u00abotros\u00bb.<\/p>\n<p>En los meses anteriores ocurr\u00eda que la inflaci\u00f3n era superior para los hogares con salarios promedio m\u00e1s bajos, pero en noviembre esa situaci\u00f3n se revirti\u00f3 debido a las subas de taxis, alquileres y alojamientos tur\u00edsticos.<\/p>\n<p>Pero la comparaci\u00f3n interanual sigue mostrando que los hogares de menores ingresos contin\u00faan siendo los que m\u00e1s vienen sufriendo la inflaci\u00f3n, por las mayores subas relativas en los servicios p\u00fablicos.<\/p>\n<p>Mientras que para los hogares con menores ingresos la inflaci\u00f3n anual de noviembre arroj\u00f3 un dato del 46,9%, para los m\u00e1s ricos fue del 37,4%, de acuerdo al indicador que realiza el IET junto a la Universidad Metropolitana para la Educaci\u00f3n y el Trabajo (UMET) y el Centro de Innovaci\u00f3n de los Trabajadores (CITRA), instituci\u00f3n de doble dependencia entre la UMET, el CONICET y m\u00e1s de 45 gremios.<\/p>\n<p>Con un 63,8% de ajuste, el rubro \u00abvivienda y sus servicios\u00bb sigue siendo el cap\u00edtulo de mayores subas interanuales, debido a los incrementos en las tarifas de la energ\u00eda el\u00e9ctrica, el agua y el gas; \u00abalimentos y bebidas\u00bb mostr\u00f3 un encarecimiento del 41,7%, seg\u00fan el estudio.<\/p>\n<p>Este \u00edndice mide la capacidad adquisitiva del salario en funci\u00f3n de una pauta de consumo que es la que caracteriza a los sectores trabajadores en general y a cada subsector en particular.<\/p>\n<p>Nicol\u00e1s Trotta, rector de la UMET, explic\u00f3 que \u00abla din\u00e1mica inflacionaria no afecta de la misma manera a todos los sectores de la poblaci\u00f3n, por ello los trabajadores deben medir la inflaci\u00f3n de los trabajadores\u00bb.<\/p>\n<p>El \u00edndice de inflaci\u00f3n oficial (del Indec) refleja lo que pasa con los precios de ciertos bienes y servicios, de acuerdo a un determinado perfil o patr\u00f3n de gasto, que no necesariamente se corresponde con lo que un trabajador gasta y la forma en que lo hace, seg\u00fan Trotta.<\/p>\n<h6>fuente: El Once<\/h6>\n","protected":false},"excerpt":{"rendered":"<p>El costo de vida de los trabajadores asalariados de la econom\u00eda aument\u00f3 un 41,6% en noviembre respecto del mismo mes del a\u00f1o pasado, seg\u00fan un indicador elaborado por un instituto integrado por gremios de la CGT y la CTA.<\/p>\n","protected":false},"author":2,"featured_media":57024,"comment_status":"closed","ping_status":"closed","sticky":false,"template":"","format":"standard","meta":{"footnotes":""},"categories":[8],"tags":[21],"class_list":["post-57023","post","type-post","status-publish","format-standard","has-post-thumbnail","hentry","category-informe-nacional","tag-argentina"],"_links":{"self":[{"href":"http:\/\/argentinamunicipal.com.ar\/argentina\/wp-json\/wp\/v2\/posts\/57023","targetHints":{"allow":["GET"]}}],"collection":[{"href":"http:\/\/argentinamunicipal.com.ar\/argentina\/wp-json\/wp\/v2\/posts"}],"about":[{"href":"http:\/\/argentinamunicipal.com.ar\/argentina\/wp-json\/wp\/v2\/types\/post"}],"author":[{"embeddable":true,"href":"http:\/\/argentinamunicipal.com.ar\/argentina\/wp-json\/wp\/v2\/users\/2"}],"replies":[{"embeddable":true,"href":"http:\/\/argentinamunicipal.com.ar\/argentina\/wp-json\/wp\/v2\/comments?post=57023"}],"version-history":[{"count":0,"href":"http:\/\/argentinamunicipal.com.ar\/argentina\/wp-json\/wp\/v2\/posts\/57023\/revisions"}],"wp:featuredmedia":[{"embeddable":true,"href":"http:\/\/argentinamunicipal.com.ar\/argentina\/wp-json\/wp\/v2\/media\/57024"}],"wp:attachment":[{"href":"http:\/\/argentinamunicipal.com.ar\/argentina\/wp-json\/wp\/v2\/media?parent=57023"}],"wp:term":[{"taxonomy":"category","embeddable":true,"href":"http:\/\/argentinamunicipal.com.ar\/argentina\/wp-json\/wp\/v2\/categories?post=57023"},{"taxonomy":"post_tag","embeddable":true,"href":"http:\/\/argentinamunicipal.com.ar\/argentina\/wp-json\/wp\/v2\/tags?post=57023"}],"curies":[{"name":"wp","href":"https:\/\/api.w.org\/{rel}","templated":true}]}}