{"id":57038,"date":"2016-12-07T05:59:33","date_gmt":"2016-12-07T08:59:33","guid":{"rendered":"http:\/\/argentinamunicipal.com.ar\/argentina\/?p=57038"},"modified":"2016-12-07T08:01:11","modified_gmt":"2016-12-07T11:01:11","slug":"mas-problemas-la-actividad-textil-alpargatas-suspendera-950-trabajadores","status":"publish","type":"post","link":"http:\/\/argentinamunicipal.com.ar\/argentina\/mas-problemas-la-actividad-textil-alpargatas-suspendera-950-trabajadores\/","title":{"rendered":"M\u00e1s problemas en la actividad textil: Alpargatas suspender\u00e1 a 950 trabajadores"},"content":{"rendered":"<p>La medida se concretar\u00e1 a partir del pr\u00f3ximo lunes 12, inform\u00f3 la Asociaci\u00f3n Obrera Textil. \u00abEsta situaci\u00f3n se presenta justo a fin de a\u00f1o\u00bb, dijo un dirigente.<\/p>\n<p>A partir del lunes 12, una dotaci\u00f3n de 950 personas afrontar\u00e1 una suspensi\u00f3n laboral en la planta Alpargatas. La medida empresarial durar\u00e1 dos semanas e implicar\u00e1 una reducci\u00f3n del 25% del salario.<\/p>\n<p>As\u00ed lo confirm\u00f3 el secretario general de la delegaci\u00f3n Aguilares de la Asociaci\u00f3n Obrera Textil (AOT), Hugo Ricardo C\u00f3rdoba, quien adem\u00e1s dijo que la empresa mantendr\u00e1 en funciones a 400 empleados hasta el 26 de este mes. Luego se iniciar\u00e1 el per\u00edodo de vacaciones.<\/p>\n<p>La empresa habr\u00eda tomado esta situaci\u00f3n frente el exceso de stock de productos, producto de la ca\u00edda de la demanda en el pa\u00eds, seg\u00fan explicaron en el sector gremial. \u201cVenimos manifestando esta situaci\u00f3n desde octubre del a\u00f1o pasado. Lo mismo sucede en la f\u00e1brica de Catamarca, donde hay suspensiones desde ese mes\u201d, dijo el sindicalista local.<\/p>\n<p>Alpargatas ya hab\u00eda concretado en la provincia suspensiones de personal en octubre y noviembre pasados -una semana por cada mes-. Esta vez, C\u00f3rdoba manifest\u00f3 que solicitar\u00edan una reuni\u00f3n con el gobernador Juan Manzur \u201cpara abrir el paraguas y asegurar la fuente laboral\u201d.<\/p>\n<p>\u201cEsta situaci\u00f3n se presenta justo a fin de a\u00f1o y nos entristece en todo sentido (\u2026) La gente de Aguilares y Santa Anta depende mucho de la f\u00e1brica, es el motor de la econom\u00eda de esta parte del sur provincial. El temor est\u00e1, ya que hemos vivido un cierre de planta en 2001, cuando 2.300 personas quedamos en la calle. Ese fantasma ronda cuando se habla de suspensiones, est\u00e1 en la mente de cada trabajador. La actual situaci\u00f3n no es extrema a\u00fan, pero nos preocupa\u201d, enfatiz\u00f3 C\u00f3rdoba.<\/p>\n<p>Esta crisis se suma a la que se presenta en la planta de Tavex, en Famaill\u00e1. All\u00ed, la firma se desvinula de 140 operarios, entre cesant\u00edas y terminaci\u00f3n de contratos, seg\u00fan la AOT.<\/p>\n<h6>Fuente: La Gaceta<\/h6>\n","protected":false},"excerpt":{"rendered":"<p>La medida se concretar\u00e1 a partir del pr\u00f3ximo lunes 12, inform\u00f3 la Asociaci\u00f3n Obrera Textil. \u00abEsta situaci\u00f3n se presenta justo a fin de a\u00f1o\u00bb, dijo un dirigente.<\/p>\n","protected":false},"author":2,"featured_media":57039,"comment_status":"closed","ping_status":"closed","sticky":false,"template":"","format":"standard","meta":{"footnotes":""},"categories":[8],"tags":[21],"class_list":["post-57038","post","type-post","status-publish","format-standard","has-post-thumbnail","hentry","category-informe-nacional","tag-argentina"],"_links":{"self":[{"href":"http:\/\/argentinamunicipal.com.ar\/argentina\/wp-json\/wp\/v2\/posts\/57038","targetHints":{"allow":["GET"]}}],"collection":[{"href":"http:\/\/argentinamunicipal.com.ar\/argentina\/wp-json\/wp\/v2\/posts"}],"about":[{"href":"http:\/\/argentinamunicipal.com.ar\/argentina\/wp-json\/wp\/v2\/types\/post"}],"author":[{"embeddable":true,"href":"http:\/\/argentinamunicipal.com.ar\/argentina\/wp-json\/wp\/v2\/users\/2"}],"replies":[{"embeddable":true,"href":"http:\/\/argentinamunicipal.com.ar\/argentina\/wp-json\/wp\/v2\/comments?post=57038"}],"version-history":[{"count":0,"href":"http:\/\/argentinamunicipal.com.ar\/argentina\/wp-json\/wp\/v2\/posts\/57038\/revisions"}],"wp:featuredmedia":[{"embeddable":true,"href":"http:\/\/argentinamunicipal.com.ar\/argentina\/wp-json\/wp\/v2\/media\/57039"}],"wp:attachment":[{"href":"http:\/\/argentinamunicipal.com.ar\/argentina\/wp-json\/wp\/v2\/media?parent=57038"}],"wp:term":[{"taxonomy":"category","embeddable":true,"href":"http:\/\/argentinamunicipal.com.ar\/argentina\/wp-json\/wp\/v2\/categories?post=57038"},{"taxonomy":"post_tag","embeddable":true,"href":"http:\/\/argentinamunicipal.com.ar\/argentina\/wp-json\/wp\/v2\/tags?post=57038"}],"curies":[{"name":"wp","href":"https:\/\/api.w.org\/{rel}","templated":true}]}}