{"id":57071,"date":"2016-12-09T09:08:18","date_gmt":"2016-12-09T12:08:18","guid":{"rendered":"http:\/\/argentinamunicipal.com.ar\/argentina\/?p=57071"},"modified":"2016-12-09T09:08:18","modified_gmt":"2016-12-09T12:08:18","slug":"30-mil-razones-seguir-resistiendo","status":"publish","type":"post","link":"http:\/\/argentinamunicipal.com.ar\/argentina\/30-mil-razones-seguir-resistiendo\/","title":{"rendered":"\u201cHay 30 mil razones para seguir resistiendo\u201d"},"content":{"rendered":"<p>En la Plaza de Mayo confluyeron las convocatorias de la Asociaci\u00f3n Madres y de la L\u00ednea Fundadora. El rechazo a las medidas de ajuste y otras pol\u00edticas desarrolladas por el gobierno de Mauricio Macri fueron un denominador com\u00fan en las manifestaciones.<\/p>\n<p>La Asociaci\u00f3n Madres de Plaza de Mayo y las Madres de la L\u00ednea Fundadora iniciaron ayer la 36\u00aa Marcha de la Resistencia alrededor de la Pir\u00e1mide de la plaza. \u201cTenemos 30 mil razones para seguir resistiendo. Cada jueves en estos 36 a\u00f1os fue de resistencia y seguiremos\u201d, resumi\u00f3 Nora Corti\u00f1as, de la L\u00ednea Fundadora. La titular de la Asociaci\u00f3n Madres de Plaza de Mayo, Hebe de Bonafini, plante\u00f3: \u201cSalimos y saldremos a la calle para que cada argentino tenga trabajo, para que cada chico no pase hambre. Habremos de resistir a las pol\u00edticas que generan todos esos males\u201d.<\/p>\n<p>Palabras m\u00e1s, palabras menos, el rechazo a las pol\u00edticas de ajuste \u201cque provocan hambre, desocupaci\u00f3n y desalojos\u201d fue un denominador com\u00fan de las dos convocatorias. En particular, el rechazo a los modos y las pol\u00edticas desarrolladas este \u00faltimo a\u00f1o desde la Casa Rosada: \u201cMacri no es el due\u00f1o del universo, el rey de todo. Nos va a tener que escuchar\u201d, avis\u00f3 Bonafini. \u201cPor supuesto que este Gobierno no nos representa, est\u00e1 haciendo estragos\u201d, opin\u00f3 Corti\u00f1as.<\/p>\n<p>Pese a las diferencias entre las dos convocatorias, en la circunferencia que rodea a la Pir\u00e1mide de Mayo, ese peque\u00f1o sector de la plaza en cuyo piso pa\u00f1uelos blancos medio despintados marcan el camino, all\u00ed, por un momento, las dos marchas fueron una.<\/p>\n<p>Zulema volvi\u00f3 a \u201ccaminar con las madres\u201d este a\u00f1o. Dio un par de vueltas con L\u00ednea Fundadora y otro par con la Asociaci\u00f3n. \u201cSon las madres y para todos nosotros, los argentinos, deben ser ejemplo de lucha, de respeto por la vida y de tenacidad. Venir a acompa\u00f1arlas es reconocerlas\u201d, dijo. \u00bfY la resistencia? \u201cNos dieron un poquito de descanso, pero este a\u00f1o, con (el presidente Mauricio) Macri ah\u00ed metido \u2013se\u00f1al\u00f3 la Casa Rosada\u2013 la resistencia volvi\u00f3 a ser una palabra utilizada.\u201d<\/p>\n<p>La caminata encabezada por Nora Corti\u00f1as, Mirta Baravalle y Elia Espen comenz\u00f3 poco antes de las 14, detr\u00e1s de una peque\u00f1a bandera que advert\u00eda que los 30 mil detenidos desaparecidos estaban presentes, en la manifestaci\u00f3n, en la resistencia. La otra bandera, la que las identifica como L\u00ednea Fundadora, lleg\u00f3 m\u00e1s tarde. Para sostenerla se sumaron m\u00e1s manos: el premio N\u00f3bel de la Paz Adolfo P\u00e9rez Esquivel, el ex diputado Claudio Lozano, la referente de la Correpi Mar\u00eda del Carmen Verd\u00fa, la dirigente de izquierda Vilma Ripoll. \u201cHay quienes se preguntan por qu\u00e9 y para qu\u00e9 todav\u00eda hacemos la Marcha de la Resistencia. Todav\u00eda no sabemos qu\u00e9 pas\u00f3 con nuestros hijos e hijas, no se sabe la identidad de todos los nietos robados, y todav\u00eda hay males contra los que nuestros hijos lucharon que a\u00fan no han sido resueltos. No estamos solas, ac\u00e1 seguiremos\u201d, se pregunt\u00f3 y se respondi\u00f3 Corti\u00f1as.<\/p>\n<p>Un joven cubr\u00eda a la Madres del sol con un paraguas que no cumpl\u00eda su cometido: las mujeres no pararon de moverse, controlaban que las banderas se pudieran leer, llamaban a \u201clos amigos de siempre\u201d que llegaban a la plaza para que se sumaran a la ronda, respond\u00edan con besos y abrazos a los besos y abrazos de cada uno que se acerc\u00f3 a saludarlas.<\/p>\n<p>Detr\u00e1s, con Astu, su hijo, sobre los hombros, Vanesa Orieta, camin\u00f3 en silencio. M\u00e1s tarde lo har\u00eda detr\u00e1s de una bandera que representa a la organizaci\u00f3n Familiares y Amigos de Luciano Arruga, su hermano. Vanesa y el resto de los integrantes de la agrupaci\u00f3n fueron a \u201cacompa\u00f1ar\u201d a las Madres y a exigir \u201ctener una memoria din\u00e1mica y activa que recuerde a los 30 mil desaparecidos, al genocidio, pero tambi\u00e9n que reconozca que existe una continuidad en la pol\u00edtica de muerte por parte del Estado\u201d entre aquellos d\u00edas de dictadura c\u00edvico militar y los de democracia. \u201cAlgo del esquema pol\u00edtico que entonces propuso control y muerte qued\u00f3 y contin\u00faa. No son los mismos actores sociales las v\u00edctimas, no son tantos, pero hay v\u00edctimas\u201d, reflexion\u00f3.<\/p>\n<p><strong>\u201cSolidaridad y lucha\u201d<\/strong><br \/>\nUna hora y media despu\u00e9s comenz\u00f3 la otra caminata. Con Hebe de Bonafini al frente y varias otras integrantes de la asociaci\u00f3n entremezcladas con dirigentes kirchneristas. Los diputados Andr\u00e9s Larroque y Edgardo Depetri, el docente Eduardo L\u00f3pez fueron los m\u00e1s visibles detr\u00e1s de la bandera azul que plasm\u00f3 la consigna de esa convocatoria: \u201cSolidaridad y lucha o hambre y represi\u00f3n. Cristina conducci\u00f3n\u201d. \u201cEs una consigna clar\u00edsima que implica muchas cosas, pero sobre todo dignidad para todos, trabajo para todos, que nadie sea discriminado, que los derechos que tuvimos vuelvan a ser nuestros y los que no, lucharemos por reconquistarlos\u201d, dijo Bonafini.<\/p>\n<p>Tras dar una primera vuelta, la ronda ampli\u00f3 de hecho su recorrida: Rivadavia, Bol\u00edvar, Yrigoyen y la plaza. Fue la convocatoria que sum\u00f3 banderas pol\u00edticas: se encolumnaron las blancas de La C\u00e1mpora \u2013de diferentes sectores de la ciudad y el conurbano\u2013, las celestes y rojas del Peronismo Militante, las blancas, rojas y verdes de Patria Grande.<\/p>\n<p>A las 16, Madres L\u00ednea Fundadora cruz\u00f3 la reja que rodea a la Pir\u00e1mide y dej\u00f3 un ramo de rosas rojas en la placa que recuerda que all\u00ed, mirando a la Casa Rosada, fueron depositadas las cenizas de Azucena Villaflor, una de las fundadoras del grupo de pa\u00f1uelos blancos, detenida y desaparecida. A las 17, muchas madres acudieron a la Iglesia de la Santa Cruz, para homenajear a Villaflor y a otra decena de familiares de detenidos desaparecidos que corrieron la misma suerte que la fundadora (ver aparte). Luego regresaron a la Plaza de Mayo, para hacer otra ronda y, a las 20, dar por finalizada una edici\u00f3n m\u00e1s de la Marcha de la Resistencia, que el organismo que integran nunca dej\u00f3 de hacer.<\/p>\n<p>Tras la ca\u00edda del sol, Hebe de Bonafini present\u00f3 desde el escenario que la Asociaci\u00f3n mont\u00f3 en una esquina de plaza, y que enmarc\u00f3 con grandes banderas pidiendo por la ex presidenta Cristina Kirchner, un audiovisual con im\u00e1genes y videos de Fidel Castro. Sus palabras y las del referente de la Embajada de Cuba en Argentina, Leinier Espinosa Nodarse, fueron en homenaje al l\u00edder revolucionario. Esta tarde, a las 19, Bonafini concluir\u00e1 su convocatoria desde ese mismo escenario, junto a referentes del kirchnerismo.<\/p>\n<h6>Fuente: P\u00e1gina 12<\/h6>\n","protected":false},"excerpt":{"rendered":"<p>En la Plaza de Mayo confluyeron las convocatorias de la Asociaci\u00f3n Madres y de la L\u00ednea Fundadora. El rechazo a las medidas de ajuste y otras pol\u00edticas desarrolladas por el gobierno de Mauricio Macri fueron un denominador com\u00fan en las manifestaciones. La Asociaci\u00f3n Madres de Plaza de Mayo y las Madres de la L\u00ednea Fundadora<\/p>\n","protected":false},"author":2,"featured_media":57072,"comment_status":"closed","ping_status":"closed","sticky":false,"template":"","format":"standard","meta":{"footnotes":""},"categories":[8],"tags":[21],"class_list":["post-57071","post","type-post","status-publish","format-standard","has-post-thumbnail","hentry","category-informe-nacional","tag-argentina"],"_links":{"self":[{"href":"http:\/\/argentinamunicipal.com.ar\/argentina\/wp-json\/wp\/v2\/posts\/57071","targetHints":{"allow":["GET"]}}],"collection":[{"href":"http:\/\/argentinamunicipal.com.ar\/argentina\/wp-json\/wp\/v2\/posts"}],"about":[{"href":"http:\/\/argentinamunicipal.com.ar\/argentina\/wp-json\/wp\/v2\/types\/post"}],"author":[{"embeddable":true,"href":"http:\/\/argentinamunicipal.com.ar\/argentina\/wp-json\/wp\/v2\/users\/2"}],"replies":[{"embeddable":true,"href":"http:\/\/argentinamunicipal.com.ar\/argentina\/wp-json\/wp\/v2\/comments?post=57071"}],"version-history":[{"count":0,"href":"http:\/\/argentinamunicipal.com.ar\/argentina\/wp-json\/wp\/v2\/posts\/57071\/revisions"}],"wp:featuredmedia":[{"embeddable":true,"href":"http:\/\/argentinamunicipal.com.ar\/argentina\/wp-json\/wp\/v2\/media\/57072"}],"wp:attachment":[{"href":"http:\/\/argentinamunicipal.com.ar\/argentina\/wp-json\/wp\/v2\/media?parent=57071"}],"wp:term":[{"taxonomy":"category","embeddable":true,"href":"http:\/\/argentinamunicipal.com.ar\/argentina\/wp-json\/wp\/v2\/categories?post=57071"},{"taxonomy":"post_tag","embeddable":true,"href":"http:\/\/argentinamunicipal.com.ar\/argentina\/wp-json\/wp\/v2\/tags?post=57071"}],"curies":[{"name":"wp","href":"https:\/\/api.w.org\/{rel}","templated":true}]}}