{"id":57129,"date":"2016-12-12T06:58:23","date_gmt":"2016-12-12T09:58:23","guid":{"rendered":"http:\/\/argentinamunicipal.com.ar\/argentina\/?p=57129"},"modified":"2016-12-12T06:58:23","modified_gmt":"2016-12-12T09:58:23","slug":"peligro-perder-trabajo","status":"publish","type":"post","link":"http:\/\/argentinamunicipal.com.ar\/argentina\/peligro-perder-trabajo\/","title":{"rendered":"El peligro de perder el trabajo"},"content":{"rendered":"<p>Una investigaci\u00f3n conjunta entre la consultora Ibar\u00f3metro y la Universidad de San Mart\u00edn se\u00f1ala que durante el a\u00f1o de gobierno de Cambiemos la inestabilidad se convirti\u00f3 en la sensaci\u00f3n preponderante con respecto al trabajo.<\/p>\n<p>Siete de cada diez ciudadanos considera que en este momento tiene bajas o nulas posibilidades de conseguir trabajo si tuviera que buscarlo. La mitad de esas personas piensa que la b\u00fasqueda est\u00e1 ahora m\u00e1s dif\u00edcil que hace un a\u00f1o, es decir que conseguir trabajo en este momento es \u2013para ellos\u2013 casi una utop\u00eda y no lo era tanto durante la administraci\u00f3n kirchnerista. Pero tal vez lo m\u00e1s serio es que el 45 por ciento de quienes tienen trabajo en la actualidad sienten que est\u00e1n en peligro, es decir que podr\u00edan perder su puesto pr\u00f3ximamente. Esa sensaci\u00f3n est\u00e1 instalada porque casi la mitad de los consultados vivieron un despido en carne propia o fue v\u00edctima de despido un familiar. Finalmente, a este cuadro dram\u00e1tico se agrega que el 63 por ciento afirma que perdi\u00f3 poder adquisitivo en los \u00faltimos tres meses. Lo que se percibe en forma global es la existencia de una enorme incertidumbre en todo lo que tenga que ver con el empleo y el futuro personal.<\/p>\n<p>Las conclusiones surgen de un extenso trabaj\u00f3 que hicieron en conjunto la consultora Ibar\u00f3metro y el Centro de Estudios del Trabajo y el Desarrollo (CETyD), de la Universidad de San Mart\u00edn. La encuesta fue dirigida por el soci\u00f3logo Ignacio Ram\u00edrez y en total fueron entrevistados 1.400 ciudadanos de la Ciudad de Buenos Aires y 24 distritos del conurbano bonaerense. \u00a0En la encuesta se respetaron las proporciones por edad, sexo y nivel econ\u00f3mico-social.<\/p>\n<p>\u201cExisten muchos estudios e indicadores sobre la marcha de la econom\u00eda y del mercado laboral \u00a0\u2013sostiene Ram\u00edrez\u2013. La particularidad del Monitor Socio-laboral de Opini\u00f3n P\u00fablica del CETyD e Ibar\u00f3metro es que su foco reside sobre las percepciones y sentimientos de los ciudadanos, es decir estudia de qu\u00e9 manera la evoluci\u00f3n del entorno socioecon\u00f3mico impacta sobre el estado de \u00e1nimo de la opini\u00f3n p\u00fablica en general y de la poblaci\u00f3n ocupada en particular. En contra de lo que indican recurrentes discursos apocal\u00edpticos sobre una supuesta perdida de la cultura de trabajo, la encuesta revela que para los argentinos el trabajo es muy importante y es sin\u00f3nimo de sentidos positivos: dignidad, crecimiento y orgullo. Un hallazgo especialmente interesante alude a los j\u00f3venes: entre los menores de 30 a\u00f1os, a quienes muchas veces se caracteriza de vagos o ap\u00e1ticos, se acent\u00faan y crecen los sentidos positivos vinculados con el trabajo\u201d.<\/p>\n<p>La percepci\u00f3n que se acentu\u00f3 en \u00e9ste \u00faltimo a\u00f1o y que est\u00e1 instalada ahora es la inestabilidad.<\/p>\n<p>Ram\u00edrez explica que \u201ces elocuente, a la hora de caracterizar los sentimientos y miradas de los argentinos sobre la marcha del entorno sociolaboral, que cuando preguntamos sobre la experiencia cercana de desempleo o dificultades de empleo, un 51 por ciento declara conocer a alguien cercano que en los \u00falitmos meses ha perdido su trabajo. Desde ya que se trata de una percepci\u00f3n que no debe ser tomada como una estad\u00edstica objetiva de la marcha del empleo, pero s\u00ed que debe ser analizada como una percepci\u00f3n que revela que la preocupaci\u00f3n por el empleo esta fuertemente instalada en la opini\u00f3n p\u00fablica\u201d.<\/p>\n<p>Una caracter\u00edstica que distingue al estudio del CETyD e Ibar\u00f3metro es que adem\u00e1s de medir aspectos sobre el conjunto de la opini\u00f3n p\u00fablica formula preguntas y aproximaciones espec\u00edficas a la poblaci\u00f3n ocupada. \u201cAll\u00ed aparecen algunos resultados importantes\u2013completa el director de Ibar\u00f3metro\u2013: casi el 45 por ciento de la poblaci\u00f3n ocupada manifiesta temor a perder su trabajo; temor que crece de manera muy pronunciada entre los cuentapropistas y los j\u00f3venes, los dos segmentos que manifiestan los niveles m\u00e1s altos de incertidumbre laboral\u201d.<\/p>\n<p>Esta preocupaci\u00f3n se manifiesta en las encuestas globales. Todos los consultores coinciden en que hace un a\u00f1o el temor al desempleo no figuraba en ning\u00fan sondeo como una preocupaci\u00f3n importante. Siempre a la cabeza estuvo la inseguridad y luego aspectos de la econom\u00eda como la inflaci\u00f3n. Pero en el \u00faltimo tiempo, la preocupaci\u00f3n por el empleo aparece en forma creciente. Sucede incluso que cuando se le pregunta a un encuestado sobre el aumento del desempleo en el pa\u00eds, la respuesta no es dram\u00e1tica: contestan que s\u00ed, que hay una ca\u00edda en el trabajo, pero no abrupta. Sin embargo, cuando la pregunta se dirige a su situaci\u00f3n personal, las respuestas agobian: que se consideran en peligro de perder el trabajo, que en su familia hubo despidos y que si tuvieran que salir a conseguir un empleo, sus posibilidades ser\u00edan escasas. Es decir que hay una incertidumbre cada vez mayor y m\u00e1s cercana.<\/p>\n<p>El trabajo de Ibar\u00f3metro y la CETyD se completa con las preguntas que tienen que ver con el poder adquisitivo. El resultado es casi cantado porque la inmensa mayor\u00eda de las paritarias cerraron por debajo de la inflaci\u00f3n \u2013superior al 40 por ciento\u2013 de 2016. Y quienes no est\u00e1n bajo el paraguas de convenios colectivos y paritarias quedaron en situaci\u00f3n a\u00fan peor. A esto se agrega que el aumento de las tarifas y de la mayor\u00eda de los servicios produjo una verdadera hecatombe en el presupuesto familiar. De manera que no resulta extra\u00f1o que el 63 por ciento de los consultados haya contestado que perdi\u00f3 poder adquisitivo en los \u00faltimos tres meses, un per\u00edodo muy corto y que sin embargo produjo un deterioro de envergadura en la capacidad de consumo de los hogares.<\/p>\n<p>Frente a una gran mayor\u00eda de consultores que vienen sosteniendo que la administraci\u00f3n Macri todav\u00eda despierta expectativas en buena parte de la poblaci\u00f3n, Ram\u00edrez alerta sobre el deterioro de esas expectativas. \u201cLas encuestas detectan que la incertidumbre y el des\u00e1nimo ti\u00f1en a cada vez m\u00e1s segmentos de la opini\u00f3n p\u00fablica, un creciente pesimismo basado en las percepciones del entorno socioecon\u00f3mico. Sin embargo las expectativas existen y son pol\u00edticas. Es que la grieta sigue en pie. La grieta explica que la misma realidad &#8211; percibida como negativa en las dos orillas &#8211; sea percibida y elaborada de manera divergente: para una mitad se trata de herencia y para la otra mitad se trata de ajuste\u201d.<\/p>\n<h6>Fuente: P\u00e1gina 12<\/h6>\n","protected":false},"excerpt":{"rendered":"<p>Una investigaci\u00f3n conjunta entre la consultora Ibar\u00f3metro y la Universidad de San Mart\u00edn se\u00f1ala que durante el a\u00f1o de gobierno de Cambiemos la inestabilidad se convirti\u00f3 en la sensaci\u00f3n preponderante con respecto al trabajo.<\/p>\n","protected":false},"author":2,"featured_media":57130,"comment_status":"closed","ping_status":"closed","sticky":false,"template":"","format":"standard","meta":{"footnotes":""},"categories":[8],"tags":[21],"class_list":["post-57129","post","type-post","status-publish","format-standard","has-post-thumbnail","hentry","category-informe-nacional","tag-argentina"],"_links":{"self":[{"href":"http:\/\/argentinamunicipal.com.ar\/argentina\/wp-json\/wp\/v2\/posts\/57129","targetHints":{"allow":["GET"]}}],"collection":[{"href":"http:\/\/argentinamunicipal.com.ar\/argentina\/wp-json\/wp\/v2\/posts"}],"about":[{"href":"http:\/\/argentinamunicipal.com.ar\/argentina\/wp-json\/wp\/v2\/types\/post"}],"author":[{"embeddable":true,"href":"http:\/\/argentinamunicipal.com.ar\/argentina\/wp-json\/wp\/v2\/users\/2"}],"replies":[{"embeddable":true,"href":"http:\/\/argentinamunicipal.com.ar\/argentina\/wp-json\/wp\/v2\/comments?post=57129"}],"version-history":[{"count":0,"href":"http:\/\/argentinamunicipal.com.ar\/argentina\/wp-json\/wp\/v2\/posts\/57129\/revisions"}],"wp:featuredmedia":[{"embeddable":true,"href":"http:\/\/argentinamunicipal.com.ar\/argentina\/wp-json\/wp\/v2\/media\/57130"}],"wp:attachment":[{"href":"http:\/\/argentinamunicipal.com.ar\/argentina\/wp-json\/wp\/v2\/media?parent=57129"}],"wp:term":[{"taxonomy":"category","embeddable":true,"href":"http:\/\/argentinamunicipal.com.ar\/argentina\/wp-json\/wp\/v2\/categories?post=57129"},{"taxonomy":"post_tag","embeddable":true,"href":"http:\/\/argentinamunicipal.com.ar\/argentina\/wp-json\/wp\/v2\/tags?post=57129"}],"curies":[{"name":"wp","href":"https:\/\/api.w.org\/{rel}","templated":true}]}}