{"id":57136,"date":"2016-12-12T07:12:03","date_gmt":"2016-12-12T10:12:03","guid":{"rendered":"http:\/\/argentinamunicipal.com.ar\/argentina\/?p=57136"},"modified":"2016-12-12T07:12:03","modified_gmt":"2016-12-12T10:12:03","slug":"ano-cerraron-3-500-kioskos","status":"publish","type":"post","link":"http:\/\/argentinamunicipal.com.ar\/argentina\/ano-cerraron-3-500-kioskos\/","title":{"rendered":"En el a\u00f1o cerraron 3.500 kioskos"},"content":{"rendered":"<p>Las principales causas que golpean al sector son la ca\u00edda en el consumo, el aumento de costos y tarifas y los alquileres. El p\u00fablico se volc\u00f3 a las segundas y terceras marcas.<\/p>\n<p>En el a\u00f1o cerraron 3.500 de los 107.000 kioscos en la Argentina. Entre las causas, figuran la ca\u00edda del consumo, la suba de costos y tarifas y\u00a0el aumento del impuesto al cigarrillo. En ese marco, las ventas cayeron 35 por ciento.<\/p>\n<p>\u00abLa situaci\u00f3n es complicada\u00bb, afirm\u00f3\u00a0Adri\u00e1n Palacios, presidente de la Uni\u00f3n Kiosqueros de la Argentina.\u00a0En mayo, pidieron una audiencia con el ministro de Hacienda\u00a0Alfonso Prat Gay\u00a0pero nunca recibieron una respuesta. Pretend\u00edan abordar el tema del impuesto a los cigarrillos. El Estado se queda con el 81 por ciento y el resto se distribuye en toda la cadena; a los kiosqueros les queda\u00a0el 3 por ciento. \u00abCon el \u00faltimo aumento, la disminuci\u00f3n del consumo y el incremento de costos, esto no cierra\u00bb, se\u00f1al\u00f3 Palacios.<\/p>\n<p>Otro de los problemas del sector es\u00a0el aumento de los alquileres. Por ejemplo, renovar el alquiler de un \u00a0local en una zona c\u00e9ntrica de la Ciudad de Buenos Aires cuesta de arriba de 20 mil pesos, m\u00e1s\u00a0gastos de inmobiliaria.<\/p>\n<p>Tambi\u00e9n el tarifazo impact\u00f3 en su ecuaci\u00f3n financiera. \u00abApoyamos el pedido para una tarifa especial para los comerciantes porque sabemos que en enero vamos a tener otros aumentos fuertes de luz, gas y agua\u00bb, explic\u00f3 a El Economista el titular de la asociaci\u00f3n.<\/p>\n<p>Tambi\u00e9n explic\u00f3 que la gente compra por precios: \u00abEstamos tratando de aumentar la presencia de segundas o terceras marcas que tengan igual calidad. Hoy vendemos dos alfajores de primera l\u00ednea y cinco de segunda marca\u00bb.<\/p>\n<h6>Fuente: P\u00e1gina 12<\/h6>\n","protected":false},"excerpt":{"rendered":"<p>Las principales causas que golpean al sector son la ca\u00edda en el consumo, el aumento de costos y tarifas y los alquileres. El p\u00fablico se volc\u00f3 a las segundas y terceras marcas<\/p>\n","protected":false},"author":2,"featured_media":57137,"comment_status":"closed","ping_status":"closed","sticky":false,"template":"","format":"standard","meta":{"footnotes":""},"categories":[8],"tags":[21],"class_list":["post-57136","post","type-post","status-publish","format-standard","has-post-thumbnail","hentry","category-informe-nacional","tag-argentina"],"_links":{"self":[{"href":"http:\/\/argentinamunicipal.com.ar\/argentina\/wp-json\/wp\/v2\/posts\/57136","targetHints":{"allow":["GET"]}}],"collection":[{"href":"http:\/\/argentinamunicipal.com.ar\/argentina\/wp-json\/wp\/v2\/posts"}],"about":[{"href":"http:\/\/argentinamunicipal.com.ar\/argentina\/wp-json\/wp\/v2\/types\/post"}],"author":[{"embeddable":true,"href":"http:\/\/argentinamunicipal.com.ar\/argentina\/wp-json\/wp\/v2\/users\/2"}],"replies":[{"embeddable":true,"href":"http:\/\/argentinamunicipal.com.ar\/argentina\/wp-json\/wp\/v2\/comments?post=57136"}],"version-history":[{"count":0,"href":"http:\/\/argentinamunicipal.com.ar\/argentina\/wp-json\/wp\/v2\/posts\/57136\/revisions"}],"wp:featuredmedia":[{"embeddable":true,"href":"http:\/\/argentinamunicipal.com.ar\/argentina\/wp-json\/wp\/v2\/media\/57137"}],"wp:attachment":[{"href":"http:\/\/argentinamunicipal.com.ar\/argentina\/wp-json\/wp\/v2\/media?parent=57136"}],"wp:term":[{"taxonomy":"category","embeddable":true,"href":"http:\/\/argentinamunicipal.com.ar\/argentina\/wp-json\/wp\/v2\/categories?post=57136"},{"taxonomy":"post_tag","embeddable":true,"href":"http:\/\/argentinamunicipal.com.ar\/argentina\/wp-json\/wp\/v2\/tags?post=57136"}],"curies":[{"name":"wp","href":"https:\/\/api.w.org\/{rel}","templated":true}]}}