{"id":57203,"date":"2016-12-13T07:35:09","date_gmt":"2016-12-13T10:35:09","guid":{"rendered":"http:\/\/argentinamunicipal.com.ar\/argentina\/?p=57203"},"modified":"2016-12-13T07:35:09","modified_gmt":"2016-12-13T10:35:09","slug":"sin-brotes-secos-verdes-consumo","status":"publish","type":"post","link":"http:\/\/argentinamunicipal.com.ar\/argentina\/sin-brotes-secos-verdes-consumo\/","title":{"rendered":"Sin brotes ni secos ni verdes en el consumo"},"content":{"rendered":"<p>La inflaci\u00f3n elevada con el poder adquisitivo que no se recupera tiene como efecto una fuerte ca\u00edda del consumo de alimentos, bebidas y electrodom\u00e9sticos. S\u00f3lo los sectores de muy altos ingresos pudieron mantener el ritmo de consumo.<\/p>\n<p>El consumo se contrajo 5,5 por ciento en noviembre en relaci\u00f3n al mismo per\u00edodo el a\u00f1o pasado. El impacto de la aceleraci\u00f3n de la inflaci\u00f3n sobre la capacidad de compra de los salarios, la destrucci\u00f3n de puestos de trabajo, el desmantelamiento de las capacidades estatales en materia de administraci\u00f3n de precios, la pol\u00edtica monetaria contractiva, la reducci\u00f3n en la inversi\u00f3n estatal y el parate en la actividad econ\u00f3mica son algunos de los elementos que impactan de frente sobre la demanda de alimentos, bebidas y electrodom\u00e9sticos.<\/p>\n<p>La ca\u00edda mensual del Indicador Mensual de Consumo (IMC) elaborado por el Instituto de Trabajo y Econom\u00eda (ITE) de la Fundaci\u00f3n Germ\u00e1n Abdala es la und\u00e9cima consecutiva y la m\u00e1s pronunciada del a\u00f1o. En los primeros once meses del a\u00f1o el rojo en el IMC llega a 3,3 por ciento. La serie sin estacionalidad del indicador publicado ayer registr\u00f3 una nueva ca\u00edda (0,1 por ciento mensual) que ubic\u00f3 al consumo en niveles similares a los registrados durante 2010.<\/p>\n<p>Los datos sobre la contracci\u00f3n en los niveles de consumo se repiten en los distintos indicadores de c\u00e1maras empresarias, universidades y consultoras privadas. La firma Scentia difundi\u00f3 un informe donde releva una contracci\u00f3n del 5,9 por ciento interanual en noviembre en los vol\u00famenes vendidos en grandes cadenas y mercados de cercan\u00edas. En los rubros \u201cPerecedero+fr\u00edo\u201d y \u201cLimpieza de ropa y hogar\u201d las bajas fueron superiores al 10 por ciento. Para el acumulado del a\u00f1o la baja en las cantidades vendidas asciende hasta 4,5 por ciento. De acuerdo a esa consultora noviembre fue un \u201cmes record en ca\u00edda de transacciones para las grandes superficies, completando as\u00ed el peor trimestre\u201d.<\/p>\n<p>\u201cLa ca\u00edda del consumo se sostiene en el tiempo, y golpea a los m\u00e1s vulnerables\u201d, advierten en su \u00faltimo informe los investigadores del instituto que depende de ATE Capital y la Uni\u00f3n de los Trabajadores de la Educaci\u00f3n. El consumo privado es el principal componente del PIB. Alcanza las tres cuartas partes del Producto mientras que la porci\u00f3n restante se divide entre los otros elementos de la demanda agregada: el gasto p\u00fablico, la inversi\u00f3n y las exportaciones netas. Por eso, sin realizar consideraciones sociales ni pol\u00edticas, el protagonismo del consumo revela que m\u00e1s all\u00e1 de las iniciativas oficiales para \u201cvolver al mundo\u201d (exportaciones) y \u201cseducir al capital\u201d (inversiones), el crecimiento depende de una expansi\u00f3n del mercado interno liderada por la mejora en los salarios y los niveles de empleo.<\/p>\n<p>\u201cLos sectores urbanos medio-bajos, sobre todos en el interior del pa\u00eds, fueron los que absorbieron la mayor parte del impacto del incremento de precios. Esto deja en evidencia la insuficiencia de las pol\u00edticas compensatorias aplicadas por el Gobierno y la necesidad de repensar la pol\u00edtica de ingresos considerando los impactos diferenciales que tiene la inflaci\u00f3n sobre los ingresos de los sectores m\u00e1s vulnerables\u201d, sostienen desde el ITE.<\/p>\n<p>La disparidad existente en t\u00e9rminos del impacto de las medidas econ\u00f3micas del Gobierno queda en evidencia con los datos de los concesionarios. De acuerdo a las cifras de Acara la pick up Hilux de Toyota fue el cero kil\u00f3metro m\u00e1s elegido entre enero y octubre de este a\u00f1o, con un total de 28.144 unidades patentadas. \u201cEsto se debe a la gran transferencia de recursos que realiz\u00f3 la nueva gesti\u00f3n a principio de a\u00f1o en favor de los sectores vinculados al agro, con la baja de los derechos de exportaci\u00f3n y la devaluaci\u00f3n del tipo de cambio\u201d, afirman los investigadores de la Fundaci\u00f3n Germ\u00e1n Abdala.<\/p>\n<p>El flamante \u00cdndice Hecho en Argentina (IHA) elaborado desde la carrera de Econom\u00eda del Desarrollo de la Universidad de Quilmes expone una dimensi\u00f3n adicional de la ca\u00edda del consumo. El datos difiere de las estad\u00edsticas p\u00fablicas y privadas ya que no contempla las importaciones ni las exportaciones y ofrece as\u00ed una estimaci\u00f3n para el consumo interno de \u201cproductos nacionales\u201d. As\u00ed, durante los primeros nueve meses del a\u00f1o la demanda de productos industriales de fabricaci\u00f3n nacional en el mercado interno acumula una ca\u00edda de 8,3 por ciento en relaci\u00f3n al mismo per\u00edodo el a\u00f1o pasado. La ca\u00edda observada durante los primeros tres trimestres de 2016 se presentan como la m\u00e1s significativa de los \u00faltimos doce a\u00f1os. Si la trayectoria observada durante los primeros nueve meses del a\u00f1o se confirma, la merma del consumo superar\u00e1 con amplitud los otros dos episodios de contracci\u00f3n recientes: en 2009 el consumo de bienes nacionales retrocedi\u00f3 5,4 por ciento y durante 2014 la contracci\u00f3n lleg\u00f3 a 4,6 por ciento.<\/p>\n<p>\u201cEn definitiva, lo que se observa es que \u00a0sectores de altos ingresos pudieron sortear \u00a0la tendencia generalizada a la ca\u00edda de los ingresos reales y no bajaron su consumo\u201d, concluyen los investigadores.<\/p>\n<h6>Fuente: P\u00e1gina 12<\/h6>\n","protected":false},"excerpt":{"rendered":"<p>La inflaci\u00f3n elevada con el poder adquisitivo que no se recupera tiene como efecto una fuerte ca\u00edda del consumo de alimentos, bebidas y electrodom\u00e9sticos. S\u00f3lo los sectores de muy altos ingresos pudieron mantener el ritmo de consumo.<\/p>\n","protected":false},"author":2,"featured_media":57204,"comment_status":"closed","ping_status":"closed","sticky":false,"template":"","format":"standard","meta":{"footnotes":""},"categories":[8],"tags":[21],"class_list":["post-57203","post","type-post","status-publish","format-standard","has-post-thumbnail","hentry","category-informe-nacional","tag-argentina"],"_links":{"self":[{"href":"http:\/\/argentinamunicipal.com.ar\/argentina\/wp-json\/wp\/v2\/posts\/57203","targetHints":{"allow":["GET"]}}],"collection":[{"href":"http:\/\/argentinamunicipal.com.ar\/argentina\/wp-json\/wp\/v2\/posts"}],"about":[{"href":"http:\/\/argentinamunicipal.com.ar\/argentina\/wp-json\/wp\/v2\/types\/post"}],"author":[{"embeddable":true,"href":"http:\/\/argentinamunicipal.com.ar\/argentina\/wp-json\/wp\/v2\/users\/2"}],"replies":[{"embeddable":true,"href":"http:\/\/argentinamunicipal.com.ar\/argentina\/wp-json\/wp\/v2\/comments?post=57203"}],"version-history":[{"count":0,"href":"http:\/\/argentinamunicipal.com.ar\/argentina\/wp-json\/wp\/v2\/posts\/57203\/revisions"}],"wp:featuredmedia":[{"embeddable":true,"href":"http:\/\/argentinamunicipal.com.ar\/argentina\/wp-json\/wp\/v2\/media\/57204"}],"wp:attachment":[{"href":"http:\/\/argentinamunicipal.com.ar\/argentina\/wp-json\/wp\/v2\/media?parent=57203"}],"wp:term":[{"taxonomy":"category","embeddable":true,"href":"http:\/\/argentinamunicipal.com.ar\/argentina\/wp-json\/wp\/v2\/categories?post=57203"},{"taxonomy":"post_tag","embeddable":true,"href":"http:\/\/argentinamunicipal.com.ar\/argentina\/wp-json\/wp\/v2\/tags?post=57203"}],"curies":[{"name":"wp","href":"https:\/\/api.w.org\/{rel}","templated":true}]}}