{"id":57206,"date":"2016-12-13T07:39:24","date_gmt":"2016-12-13T10:39:24","guid":{"rendered":"http:\/\/argentinamunicipal.com.ar\/argentina\/?p=57206"},"modified":"2016-12-13T07:39:24","modified_gmt":"2016-12-13T10:39:24","slug":"mensaje-la-cgt-al-senado","status":"publish","type":"post","link":"http:\/\/argentinamunicipal.com.ar\/argentina\/mensaje-la-cgt-al-senado\/","title":{"rendered":"Mensaje de la CGT al Senado"},"content":{"rendered":"<p>Desde el triunvirato que conduce la CGT, Carlos Acu\u00f1a y H\u00e9ctor Daer confiaron en que los senadores votar\u00e1n la reforma del Impuesto a las Ganancias propuesta por la oposici\u00f3n y destacaron que los cambios mejorar\u00e1n los salarios y reactivar\u00e1n el consumo.<\/p>\n<p>Frente a la presi\u00f3n oficial sobre los gobernadores para que el Senado modifique el proyecto de Ganancias, la CGT sostuvo su confianza en que el texto que recibi\u00f3 la media sanci\u00f3n de los diputados no sufrir\u00e1 cambios. \u201cLa mayor\u00eda de los senadores son peronistas y el peronismo siempre est\u00e1 del lado de los trabajadores\u201d, consider\u00f3 sobre el punto Carlos Acu\u00f1a, integrante del triunvirato que conduce la central obrera. Su par H\u00e9ctor Daer agreg\u00f3 que \u201cesta ley de Ganancias va a poner de vuelta m\u00e1s salario en el bolsillo de los trabajadores, que lo van a volcar al consumo, haciendo mover la rueda del aparato productivo nuevamente\u201d.<\/p>\n<p>Hoy, el triunvirato integrado por Acu\u00f1a, Daer y Juan Carlos Schmid, acompa\u00f1ado por los 32 miembros del secretariado nacional de la CGT, expondr\u00e1 en el Senado en defensa del proyecto.<\/p>\n<p>Acu\u00f1a dijo que \u201clo aprobado es para favorecer a m\u00e1s de un mill\u00f3n y medio de trabajadores y jubilados\u201d. En este sentido, el dirigente record\u00f3 tambi\u00e9n que la exenci\u00f3n de Ganancias para los trabajadores fue una promesa de campa\u00f1a del presidente Mauricio Macri. \u201cEl Gobierno incumpli\u00f3 una serie de promesas y la gente se ha dado cuenta, m\u00e1s all\u00e1 de que algunos encuestadores den a conocer altos niveles de aprobaci\u00f3n de la gesti\u00f3n gubernamental.\u201d<\/p>\n<p>A su vez, Daer hizo una r\u00e9plica al escenario de \u201ccat\u00e1strofe\u201d fiscal que vaticina el Gobierno ante la supuesta implementaci\u00f3n del proyecto opositor de Ganancias. \u201cLos mismos que opinan eso nos dijeron que hoy \u00edbamos a estar mucho mejor, y la realidad es que estamos con m\u00e1s pobreza, con m\u00e1s desempleo y, lo que es peor de todo, la actividad econ\u00f3mica paralizada\u201d, sostuvo. \u201cNosotros pensamos al contrario: esta ley va a generar consumo.\u201d<\/p>\n<p>En la misma l\u00ednea, desde la CTA Aut\u00f3noma Pablo Micheli advirti\u00f3 que \u201cser\u00eda un error del Presidente vetar la ley ante una medida acordada entre las centrales sindicales y el Congreso de la Naci\u00f3n, con mayor\u00eda parlamentaria\u201d.<\/p>\n<p>Micheli asegur\u00f3 que un posible veto ser\u00eda \u201cun golpe a las expectativas de los trabajadores\u201d, por lo que las dos CTA y la CGT deber\u00edan llamar a un paro en caso de que ocurra. Por su parte, Hugo Yasky se\u00f1al\u00f3 que la CTA de los Trabajadores se declar\u00f3 en estado de alerta y que hoy se presentar\u00e1 en el Senado, junto a Micheli, en respaldo a la ley.<\/p>\n<p>Tambi\u00e9n el conjunto de los gremios docentes les pidieron a los senadores la aprobaci\u00f3n del proyecto de Ganancias. Los sindicatos Sadop, Ctera, UDA y CEA se\u00f1alaron que la postura de los docentes es \u201cexceptuar del pago de Ganancias los ingresos que tengan car\u00e1cter alimentario y los salarios establecidos por los convenios colectivos de trabajo, incrementando los tributos a la actividad rent\u00edstica, financiera y minera\u201d.<\/p>\n<p>\u201cEn ese marco, apoyamos la aprobaci\u00f3n por parte de la C\u00e1mara de Diputados de la Naci\u00f3n del proyecto de reforma al Impuesto a las Ganancias que \u2013sin resolver todas las cuestiones\u2013 expresa una direccionalidad adecuada a nuestra postura y significa un claro avance en relaci\u00f3n al injusto marco tributario vigente\u201d, agregaron los docentes.<\/p>\n<p>En el listado de apoyos gremiales tambi\u00e9n se sum\u00f3 el Movimiento de Acci\u00f3n Sindical Argentino (Masa), que lideran el taxista Omar Viviani y el ferroviario Sergio Sasia. En un comunicado, este espacio valor\u00f3 el proyecto aprobado por Diputados como un avance y apel\u00f3 a \u201cla responsabilidad\u201d de los senadores para que sea convertido en ley.<\/p>\n<h6>Fuente: Pagina 12<\/h6>\n","protected":false},"excerpt":{"rendered":"<p>Desde el triunvirato que conduce la CGT, Carlos Acu\u00f1a y H\u00e9ctor Daer confiaron en que los senadores votar\u00e1n la reforma del Impuesto a las Ganancias propuesta por la oposici\u00f3n y destacaron que los cambios mejorar\u00e1n los salarios y reactivar\u00e1n el consumo.<\/p>\n","protected":false},"author":2,"featured_media":57207,"comment_status":"closed","ping_status":"closed","sticky":false,"template":"","format":"standard","meta":{"footnotes":""},"categories":[8],"tags":[21],"class_list":["post-57206","post","type-post","status-publish","format-standard","has-post-thumbnail","hentry","category-informe-nacional","tag-argentina"],"_links":{"self":[{"href":"http:\/\/argentinamunicipal.com.ar\/argentina\/wp-json\/wp\/v2\/posts\/57206","targetHints":{"allow":["GET"]}}],"collection":[{"href":"http:\/\/argentinamunicipal.com.ar\/argentina\/wp-json\/wp\/v2\/posts"}],"about":[{"href":"http:\/\/argentinamunicipal.com.ar\/argentina\/wp-json\/wp\/v2\/types\/post"}],"author":[{"embeddable":true,"href":"http:\/\/argentinamunicipal.com.ar\/argentina\/wp-json\/wp\/v2\/users\/2"}],"replies":[{"embeddable":true,"href":"http:\/\/argentinamunicipal.com.ar\/argentina\/wp-json\/wp\/v2\/comments?post=57206"}],"version-history":[{"count":0,"href":"http:\/\/argentinamunicipal.com.ar\/argentina\/wp-json\/wp\/v2\/posts\/57206\/revisions"}],"wp:featuredmedia":[{"embeddable":true,"href":"http:\/\/argentinamunicipal.com.ar\/argentina\/wp-json\/wp\/v2\/media\/57207"}],"wp:attachment":[{"href":"http:\/\/argentinamunicipal.com.ar\/argentina\/wp-json\/wp\/v2\/media?parent=57206"}],"wp:term":[{"taxonomy":"category","embeddable":true,"href":"http:\/\/argentinamunicipal.com.ar\/argentina\/wp-json\/wp\/v2\/categories?post=57206"},{"taxonomy":"post_tag","embeddable":true,"href":"http:\/\/argentinamunicipal.com.ar\/argentina\/wp-json\/wp\/v2\/tags?post=57206"}],"curies":[{"name":"wp","href":"https:\/\/api.w.org\/{rel}","templated":true}]}}