{"id":57264,"date":"2016-12-14T07:19:40","date_gmt":"2016-12-14T10:19:40","guid":{"rendered":"http:\/\/argentinamunicipal.com.ar\/argentina\/?p=57264"},"modified":"2016-12-14T07:19:40","modified_gmt":"2016-12-14T10:19:40","slug":"imputaron-macri-ampliar-blanqueo-afamiliares-funcionarios","status":"publish","type":"post","link":"http:\/\/argentinamunicipal.com.ar\/argentina\/imputaron-macri-ampliar-blanqueo-afamiliares-funcionarios\/","title":{"rendered":"Imputaron a Macri por ampliar el blanqueo afamiliares de funcionarios"},"content":{"rendered":"<p>El fiscal, que incluy\u00f3 en la medida a Pe\u00f1a y a Prat Gay, pidi\u00f3 abrir una investigaci\u00f3n por el supuesto delito de abuso de autoridad<\/p>\n<p>El fiscal federal Guillermo Marijuan imput\u00f3 ayer al presidente Mauricio Macri por modificar una ley por decreto para que los familiares de funcionarios p\u00fablicos puedan ingresar al blanqueo de capitales.<\/p>\n<p>La medida adoptada por el fiscal es consecuencia de una denuncia presentada por legisladores de la oposici\u00f3n, en la que se acusa al jefe del Estado por los delitos de abuso de autoridad y violaci\u00f3n de los deberes de funcionario p\u00fablico.<\/p>\n<p>La imputaci\u00f3n tambi\u00e9n recay\u00f3 sobre el jefe de Gabinete, Marcos Pe\u00f1a, y el ministro de Hacienda y Finanzas, Alfonso Prat Gay, tras una denuncia penal de la diputada nacional Victoria Donda (Libres del Sur) y otros legisladores.<\/p>\n<p>Marijuan pidi\u00f3 al juez federal Ariel Lijo emprender una investigaci\u00f3n y varias medidas de prueba, como recabar informaci\u00f3n sobre el decreto N\u00ba 1.206\/2016 que modific\u00f3 la ley de blanqueo de capitales aprobada por el Congreso de la Naci\u00f3n.<\/p>\n<p>En el decreto, el Poder Ejecutivo dispuso ampliar el alcance del blanqueo a c\u00f3nyuges, padres e hijos emancipados menores de edad de funcionarios p\u00fablicos.<\/p>\n<p>Fundamentos<\/p>\n<p>Al presentar la denuncia, Donda asegur\u00f3 que el decreto \u00abcontradice expl\u00edcitamente la ley N\u00ba 27.260 que aprob\u00f3 el Congreso con relaci\u00f3n al blanqueo de capitales, porque proh\u00edbe el ingreso de familiares al mismo\u00bb.<\/p>\n<p>\u00abEs inconcebible que el Ejecutivo haya redactado un decreto que modifica al que reglamenta la ley que se prob\u00f3 en el Congreso, cuando la misma plantea claramente que los familiares de funcionarios p\u00fablicos no pueden participar de la operaci\u00f3n\u00bb, subray\u00f3 la diputada.<\/p>\n<p>En la denuncia, los legisladores recordaron que el 31 de mayo pasado el Congreso comenz\u00f3 a evaluar el proyecto de sinceramiento fiscal que creaba un sistema voluntario y excepcional de declaraci\u00f3n de tenencia de moneda nacional, extranjera y dem\u00e1s bienes en el pa\u00eds y en el exterior, conocido como blanqueo de capitales.<\/p>\n<p>Del texto original, \u00abse exclu\u00eda del derecho a la declaraci\u00f3n voluntaria y excepcional a los funcionarios p\u00fablicos de la Naci\u00f3n, ni a sus padres, hijos o c\u00f3nyuges\u00bb, sostuvo la denuncia.<\/p>\n<p>En ese sentido, record\u00f3 que el Ejecutivo contempl\u00f3 la posibilidad de adherirse al blanqueo a los funcionarios p\u00fablicos, a los padres, c\u00f3nyuges e hijos.<\/p>\n<p>Frente a Lijo, el fiscal pidi\u00f3 tener la documentaci\u00f3n vinculada con el decreto y la ley aprobada, adem\u00e1s de la versi\u00f3n taquigr\u00e1fica de la reuni\u00f3n conjunta de las comisiones de Previsi\u00f3n y Seguridad Social y de Presupuesto y Hacienda.<\/p>\n<h6>fuente: La Capital Rosario<\/h6>\n","protected":false},"excerpt":{"rendered":"<p>El fiscal, que incluy\u00f3 en la medida a Pe\u00f1a y a Prat Gay, pidi\u00f3 abrir una investigaci\u00f3n por el supuesto delito de abuso de autoridad<\/p>\n","protected":false},"author":2,"featured_media":57265,"comment_status":"closed","ping_status":"closed","sticky":false,"template":"","format":"standard","meta":{"footnotes":""},"categories":[8],"tags":[21],"class_list":["post-57264","post","type-post","status-publish","format-standard","has-post-thumbnail","hentry","category-informe-nacional","tag-argentina"],"_links":{"self":[{"href":"http:\/\/argentinamunicipal.com.ar\/argentina\/wp-json\/wp\/v2\/posts\/57264","targetHints":{"allow":["GET"]}}],"collection":[{"href":"http:\/\/argentinamunicipal.com.ar\/argentina\/wp-json\/wp\/v2\/posts"}],"about":[{"href":"http:\/\/argentinamunicipal.com.ar\/argentina\/wp-json\/wp\/v2\/types\/post"}],"author":[{"embeddable":true,"href":"http:\/\/argentinamunicipal.com.ar\/argentina\/wp-json\/wp\/v2\/users\/2"}],"replies":[{"embeddable":true,"href":"http:\/\/argentinamunicipal.com.ar\/argentina\/wp-json\/wp\/v2\/comments?post=57264"}],"version-history":[{"count":0,"href":"http:\/\/argentinamunicipal.com.ar\/argentina\/wp-json\/wp\/v2\/posts\/57264\/revisions"}],"wp:featuredmedia":[{"embeddable":true,"href":"http:\/\/argentinamunicipal.com.ar\/argentina\/wp-json\/wp\/v2\/media\/57265"}],"wp:attachment":[{"href":"http:\/\/argentinamunicipal.com.ar\/argentina\/wp-json\/wp\/v2\/media?parent=57264"}],"wp:term":[{"taxonomy":"category","embeddable":true,"href":"http:\/\/argentinamunicipal.com.ar\/argentina\/wp-json\/wp\/v2\/categories?post=57264"},{"taxonomy":"post_tag","embeddable":true,"href":"http:\/\/argentinamunicipal.com.ar\/argentina\/wp-json\/wp\/v2\/tags?post=57264"}],"curies":[{"name":"wp","href":"https:\/\/api.w.org\/{rel}","templated":true}]}}