{"id":57289,"date":"2016-12-14T07:57:57","date_gmt":"2016-12-14T10:57:57","guid":{"rendered":"http:\/\/argentinamunicipal.com.ar\/argentina\/?p=57289"},"modified":"2016-12-14T07:57:57","modified_gmt":"2016-12-14T10:57:57","slug":"santa-fe-resiliente-continuan-los-espacios-debate","status":"publish","type":"post","link":"http:\/\/argentinamunicipal.com.ar\/argentina\/santa-fe-resiliente-continuan-los-espacios-debate\/","title":{"rendered":"Santa Fe Resiliente: contin\u00faan los espacios de debate"},"content":{"rendered":"<p>El intendente Jos\u00e9 Corral encabezar\u00e1 la apertura de un Taller Integrador de Resiliencia, donde se analizar\u00e1n problemas relacionados con la violencia e inseguridad urbana as\u00ed como la situaci\u00f3n de barrios con alta vulnerabilidad social<\/p>\n<p>En el marco de la elaboraci\u00f3n de la Estrategia de Resiliencia de la Ciudad, este mi\u00e9rcoles se desarrollar\u00e1 un Taller de Integraci\u00f3n en el que se abordar\u00e1n dos ejes de trabajo: \u00abH\u00e1bitats Integrados\u00bb y \u00abComunidades seguras y conectadas con las oportunidades\u00bb. El encuentro, cuya apertura ser\u00e1 encabezada por el intendente Jos\u00e9 Corral, forma parte de las actividades previstas dentro del Plan de Trabajo del Programa 100 Ciudades Resilientes, promovido por la Fundaci\u00f3n Rockefeller, del que participa la capital provincial.<\/p>\n<p>El Taller contar\u00e1 con la participaci\u00f3n de referentes de distintos organismos p\u00fablicos y \u00e1reas del Estado as\u00ed como de representantes de organizaciones de la sociedad civil, universidades y tambi\u00e9n del sector privado de la ciudad. Se busca generar un espacio de di\u00e1logo, intercambio de opiniones e integraci\u00f3n de enfoques en torno a las problem\u00e1ticas del crimen y la violencia end\u00e9mica, de las viviendas radicadas en zonas de riesgo h\u00eddrico y sin acceso a servicios b\u00e1sicos as\u00ed como de los asentamientos informales con alta vulnerabilidad social. El objetivo final de la actividad ser\u00e1 identificar iniciativas concretas y propuestas innovadoras que permitan abordar de manera integrada estos desaf\u00edos, a partir de la interacci\u00f3n y discusi\u00f3n entre actores que trabajan y estudian la tem\u00e1tica desde diferentes campos del conocimiento.<\/p>\n<p>Encabezada por el mandatario local, la actividad comenzar\u00e1 a las 11 y se concretar\u00e1 en la Estaci\u00f3n Belgrano, Centro de Convenciones ubicado en Bulevar G\u00e1lvez 1150.<\/p>\n<h6>\nFuente: Sin Mordaza<\/h6>\n","protected":false},"excerpt":{"rendered":"<p>El intendente Jos\u00e9 Corral encabezar\u00e1 la apertura de un Taller Integrador de Resiliencia, donde se analizar\u00e1n problemas relacionados con la violencia e inseguridad urbana as\u00ed como la situaci\u00f3n de barrios con alta vulnerabilidad social <\/p>\n","protected":false},"author":2,"featured_media":57290,"comment_status":"closed","ping_status":"closed","sticky":false,"template":"","format":"standard","meta":{"footnotes":""},"categories":[2],"tags":[10],"class_list":["post-57289","post","type-post","status-publish","format-standard","has-post-thumbnail","hentry","category-informe-municipal","tag-santa-fe"],"_links":{"self":[{"href":"http:\/\/argentinamunicipal.com.ar\/argentina\/wp-json\/wp\/v2\/posts\/57289","targetHints":{"allow":["GET"]}}],"collection":[{"href":"http:\/\/argentinamunicipal.com.ar\/argentina\/wp-json\/wp\/v2\/posts"}],"about":[{"href":"http:\/\/argentinamunicipal.com.ar\/argentina\/wp-json\/wp\/v2\/types\/post"}],"author":[{"embeddable":true,"href":"http:\/\/argentinamunicipal.com.ar\/argentina\/wp-json\/wp\/v2\/users\/2"}],"replies":[{"embeddable":true,"href":"http:\/\/argentinamunicipal.com.ar\/argentina\/wp-json\/wp\/v2\/comments?post=57289"}],"version-history":[{"count":0,"href":"http:\/\/argentinamunicipal.com.ar\/argentina\/wp-json\/wp\/v2\/posts\/57289\/revisions"}],"wp:featuredmedia":[{"embeddable":true,"href":"http:\/\/argentinamunicipal.com.ar\/argentina\/wp-json\/wp\/v2\/media\/57290"}],"wp:attachment":[{"href":"http:\/\/argentinamunicipal.com.ar\/argentina\/wp-json\/wp\/v2\/media?parent=57289"}],"wp:term":[{"taxonomy":"category","embeddable":true,"href":"http:\/\/argentinamunicipal.com.ar\/argentina\/wp-json\/wp\/v2\/categories?post=57289"},{"taxonomy":"post_tag","embeddable":true,"href":"http:\/\/argentinamunicipal.com.ar\/argentina\/wp-json\/wp\/v2\/tags?post=57289"}],"curies":[{"name":"wp","href":"https:\/\/api.w.org\/{rel}","templated":true}]}}