{"id":57295,"date":"2016-12-14T06:06:20","date_gmt":"2016-12-14T09:06:20","guid":{"rendered":"http:\/\/argentinamunicipal.com.ar\/argentina\/?p=57295"},"modified":"2016-12-14T08:10:57","modified_gmt":"2016-12-14T11:10:57","slug":"macri-veto-articulo-beneficioso-la-ley-jubilacion-anticipada-veteranos-malvinas","status":"publish","type":"post","link":"http:\/\/argentinamunicipal.com.ar\/argentina\/macri-veto-articulo-beneficioso-la-ley-jubilacion-anticipada-veteranos-malvinas\/","title":{"rendered":"Macri vet\u00f3 un art\u00edculo beneficioso de la ley de jubilaci\u00f3n anticipada para veteranos de Malvinas"},"content":{"rendered":"<p>El Gobierno justific\u00f3 el veto al se\u00f1alar que el pago de los dos haberes m\u00ednimos \u00abdesnaturaliza\u00bb el sistema previsional.<\/p>\n<p>El presidente Mauricio Macri vet\u00f3 un beneficio de la ley de jubilaci\u00f3n para veteranos de la guerra de Malvinas, lo que gener\u00f3 disgusto entre los excombatientes.<\/p>\n<p>La norma, sancionada por el Congreso el 16 de noviembre pasado y elogiada por los veteranos de guerra, elimin\u00f3 la \u00abgarant\u00eda\u00bb de cobro de dos jubilaciones m\u00ednimas al momento del retiro, uno de los reclamos considerados fundamentales para los exconscriptos que no pudieron reinsertarse en el mercado laboral o trabajaron \u00aben negro\u00bb tras el conflicto b\u00e9lico.<\/p>\n<p>El decreto que lleva la firma de Macri y de todos los ministros del Gabinete, \u00abobserv\u00f3\u00bb el art\u00edculo n\u00famero 3 de la ley 27.329, que estipulaba que aquellos que pidan la jubilaci\u00f3n anticipada \u00aben ning\u00fan caso, el haber resultante podr\u00e1 ser menor que el equivalente a dos (2) jubilaciones m\u00ednimas del Sistema Integrado Previsional Argentino (SIPA)\u00bb.<\/p>\n<p>El Gobierno justific\u00f3 el veto al se\u00f1alar que el pago de los dos haberes m\u00ednimos \u00abdesnaturaliza\u00bb el sistema previsional, ya que el objetivo de este es establecer \u00abel otorgamiento de las prestaciones por vejez en virtud del esfuerzo contributivo realizado por los trabajadores a lo largo de toda su vida activa, y cuyo haber es el resultante de dicha historia laboral\u00bb.<\/p>\n<p>Adem\u00e1s, agreg\u00f3 que \u00abno se encuentra fundamento para establecer un haber m\u00ednimo diferencial que no guarde relaci\u00f3n\u00bb con los aportes, se\u00f1ala el decreto 1250\/2016.<\/p>\n<p>Actualmente, los excombatientes reciben una pensi\u00f3n honor\u00edfica no contributiva de car\u00e1cter nacional por haber participado entre el 2 de abril y el 14 de junio de 1982 en el Teatro de Operaciones Malvinas (TOM) y a quienes entraron en efectivas acciones de combate en el \u00e1rea del Teatro de Operaciones del Atl\u00e1ntico Sur (TOAS).<\/p>\n<p>La suma equivale a tres jubilaciones m\u00ednimas y alcanza tambi\u00e9n a los civiles que se encontraban cumpliendo funciones de servicio o de apoyo. La nueva ley y el \u00abr\u00e9gimen especial previsional\u00bb ven\u00eda a dar respuesta a algunos vac\u00edos y demandas planteadas por los veteranos.<\/p>\n<p>Por un lado, establece la posibilidad de jubilarse anticipadamente a quien tenga 53 a\u00f1os y haya realizado 10 a\u00f1os de aportes, tomando como parte de estos los dos a\u00f1os prestados como conscripto.<\/p>\n<p>As\u00ed, el r\u00e9gimen pone en consideraci\u00f3n la menor expectativa de vida de aquellos que participaron en conflictos b\u00e9licos, que se calcula en 10 a\u00f1os menos que un civil com\u00fan, de acuerdo a estimaciones nacionales e internacionales de organismos de salud.<\/p>\n<p>El art\u00edculo vetado por Macri era beneficioso para los excombatientes, ya que \u00abpermit\u00eda a muchos que no se pod\u00edan insertar laboralmente, o no recibieron aportes por su trabajo (en negro), pudieran compensar esa perdida de a\u00f1os con la garant\u00eda de las dos jubilaciones m\u00ednimas\u00bb, se\u00f1al\u00f3 Gustavo Pirich, referente de la Asociaci\u00f3n Combatientes de Malvinas por los Derechos Humanos (Acomadeh), entidad impulsora de la ley.<\/p>\n<p>\u00abEs algo importante para la vida de los compa\u00f1eros, sobre todo para los que trabajaron en el campo o en provincias donde la evasi\u00f3n impositiva es muy alta y las pensiones son muy magras. La ley ven\u00eda a ponerle un poquito m\u00e1s de dinero en los bolsillos. Ese era el esp\u00edritu de la ley, ven\u00eda a reparar una injusticia, evidentemente esto no lo consideran\u00bb, a\u00f1adi\u00f3 Pirich en declaraciones que publica el portal Infobae.com.<\/p>\n<p>Adem\u00e1s, consider\u00f3 que esta \u00abes una medida realmente desmalvinizadora, que se suma a las negociaciones con Gran Breta\u00f1a de no tocar la cuesti\u00f3n de la soberan\u00eda\u00bb. Se estima que entre 4 mil y 10 mil personas son las que podr\u00e1n apelar al mecanismo de jubilaci\u00f3n anticipada.<\/p>\n<h6>Fuente: Uno Mendoza<\/h6>\n","protected":false},"excerpt":{"rendered":"<p>El Gobierno justific\u00f3 el veto al se\u00f1alar que el pago de los dos haberes m\u00ednimos \u00abdesnaturaliza\u00bb el sistema previsional.<\/p>\n","protected":false},"author":2,"featured_media":57296,"comment_status":"closed","ping_status":"closed","sticky":false,"template":"","format":"standard","meta":{"footnotes":""},"categories":[8],"tags":[21],"class_list":["post-57295","post","type-post","status-publish","format-standard","has-post-thumbnail","hentry","category-informe-nacional","tag-argentina"],"_links":{"self":[{"href":"http:\/\/argentinamunicipal.com.ar\/argentina\/wp-json\/wp\/v2\/posts\/57295","targetHints":{"allow":["GET"]}}],"collection":[{"href":"http:\/\/argentinamunicipal.com.ar\/argentina\/wp-json\/wp\/v2\/posts"}],"about":[{"href":"http:\/\/argentinamunicipal.com.ar\/argentina\/wp-json\/wp\/v2\/types\/post"}],"author":[{"embeddable":true,"href":"http:\/\/argentinamunicipal.com.ar\/argentina\/wp-json\/wp\/v2\/users\/2"}],"replies":[{"embeddable":true,"href":"http:\/\/argentinamunicipal.com.ar\/argentina\/wp-json\/wp\/v2\/comments?post=57295"}],"version-history":[{"count":0,"href":"http:\/\/argentinamunicipal.com.ar\/argentina\/wp-json\/wp\/v2\/posts\/57295\/revisions"}],"wp:featuredmedia":[{"embeddable":true,"href":"http:\/\/argentinamunicipal.com.ar\/argentina\/wp-json\/wp\/v2\/media\/57296"}],"wp:attachment":[{"href":"http:\/\/argentinamunicipal.com.ar\/argentina\/wp-json\/wp\/v2\/media?parent=57295"}],"wp:term":[{"taxonomy":"category","embeddable":true,"href":"http:\/\/argentinamunicipal.com.ar\/argentina\/wp-json\/wp\/v2\/categories?post=57295"},{"taxonomy":"post_tag","embeddable":true,"href":"http:\/\/argentinamunicipal.com.ar\/argentina\/wp-json\/wp\/v2\/tags?post=57295"}],"curies":[{"name":"wp","href":"https:\/\/api.w.org\/{rel}","templated":true}]}}