{"id":57361,"date":"2016-12-15T08:27:19","date_gmt":"2016-12-15T11:27:19","guid":{"rendered":"http:\/\/argentinamunicipal.com.ar\/argentina\/?p=57361"},"modified":"2016-12-15T08:27:19","modified_gmt":"2016-12-15T11:27:19","slug":"disena-santa-fe-del-15-al-23-diciembre","status":"publish","type":"post","link":"http:\/\/argentinamunicipal.com.ar\/argentina\/disena-santa-fe-del-15-al-23-diciembre\/","title":{"rendered":"Dise\u00f1a Santa Fe, del 15 al 23 de diciembre"},"content":{"rendered":"<p>Por noveno a\u00f1o consecutivo, el Gobierno de la Ciudad organiza la Feria Dise\u00f1a Santa Fe, un espacio de exposici\u00f3n y comercializaci\u00f3n de productos creados por marcas locales vinculadas al dise\u00f1o de indumentaria, accesorios, gr\u00e1fica aplicada, objetos, editoriales y sellos discogr\u00e1ficos. La Feria abrir\u00e1 sus puertas con entrada libre y gratuita el d\u00eda jueves 15 de diciembre a las 19, y continuar\u00e1 hasta el viernes 23, en el Centro de Convenciones Estaci\u00f3n Belgrano.<\/p>\n<p>Podr\u00e1 visitarse con entrada libre y gratuita, de lunes a jueves de 18 a 23; mientras que viernes, s\u00e1bado y domingo el horario se extender\u00e1 hasta las 24.<\/p>\n<p><strong>Arte en Peque\u00f1os Formatos<\/strong><\/p>\n<p>En el Centro Experimental del Color, ubicado en el ala oeste de la Estaci\u00f3n Belgrano, se realizar\u00e1 la Muestra y Tienda de Arte, en la que 18 artistas ofrecer\u00e1n sus obras realizadas en peque\u00f1o formato, tanto bidimensionales (m\u00e1ximo 50 x 50 cm) como tridimensionales (base m\u00e1ximo 50 cm). Los expositores fueron seleccionados en una convocatoria abierta a la que se presentaron 31 artistas, sobre los que se realiz\u00f3 una curadur\u00eda que estuvo a cargo de C\u00e9sar Costanzo, Natalia Albanese (C\u00f3rdoba) y la directora de Diversidad Cultural, Florencia Platino, en representaci\u00f3n del Gobierno de la Ciudad.<\/p>\n<p>De la Muestra y Tienda \u201cArte en Peque\u00f1os Formatos\u201d participan: Dami\u00e1n Zalesky, Juan De Rossi, Mar\u00eda Victoria Recalde, Valeria Carolina Frois, Lidia Prause, Mar\u00eda In\u00e9s Beaug\u00e9, Carla Brugo, Carla Rotania, Mariela Benitez, Mar\u00eda Susana Olivera, Emilia Mosso, Adriana Viano, Susana Stamatti, Pamela Bengochea, Emiliano Bonfanti, Laureana Cardozo, Alfonso Jos\u00e9 Gay y Alejandra Bosch.<\/p>\n<p><strong>Muestra del Taller de Cer\u00e1mica de la Guardia<\/strong><br \/>\nAdem\u00e1s, como todos los a\u00f1os tendr\u00e1 lugar\u00a0la Muestra Anual 2016 del Taller de Cer\u00e1mica Municipal de La Guardia donde se expondr\u00e1n los trabajos realizados durante todo el a\u00f1o por los alumnos de los diferentes talleres. La inauguraci\u00f3n ser\u00e1 el jueves 15 de diciembre a las 20, en Altos de la Estaci\u00f3n Belgrano, y en ese marco se llevar\u00e1 a cabo la decimocuarta entrega de los Premios Est\u00edmulo \u201cProf. Ricardo Ahumada\u201d organizada por la Asociaci\u00f3n Amigos del Taller. Luego, la exposici\u00f3n de trabajos permanecer\u00e1 hasta el 30 de diciembre.<\/p>\n<p><strong>Muestra Colectiva<\/strong><br \/>\nLa p\u00e9rgola de Bv. G\u00e1lvez al 1100, frente a la Estaci\u00f3n Belgrano, ser\u00e1 marco para la cuarta edici\u00f3n de la Muestra Colectiva del Grupo FotoMovida Santa Fe, que se compone de 56 obras realizadas a partir de la tem\u00e1tica \u201cAbstracto\u201d, de la que han participado 28 fot\u00f3grafos.<\/p>\n<p><strong>Santa Fe de Compras<\/strong><br \/>\nDise\u00f1a Santa Fe forma parte de la campa\u00f1a \u201cSanta Fe de Compras\u201d, que promociona a la capital provincial como polo de compras en la regi\u00f3n, con la participaci\u00f3n de paseos peatonales, avenidas y centros comerciales a cielo abierto, entre otras propuestas.<\/p>\n<h6>Fuente:\u00a0santafeciudad.gov.ar<\/h6>\n","protected":false},"excerpt":{"rendered":"<p>Por noveno a\u00f1o consecutivo, el Gobierno de la Ciudad organiza la Feria Dise\u00f1a Santa Fe, un espacio de exposici\u00f3n y comercializaci\u00f3n de productos creados por marcas locales vinculadas al dise\u00f1o de indumentaria, accesorios, gr\u00e1fica aplicada, objetos, editoriales y sellos discogr\u00e1ficos. <\/p>\n","protected":false},"author":2,"featured_media":57362,"comment_status":"closed","ping_status":"closed","sticky":false,"template":"","format":"standard","meta":{"footnotes":""},"categories":[47],"tags":[10],"class_list":["post-57361","post","type-post","status-publish","format-standard","has-post-thumbnail","hentry","category-fiestas","tag-santa-fe"],"_links":{"self":[{"href":"http:\/\/argentinamunicipal.com.ar\/argentina\/wp-json\/wp\/v2\/posts\/57361","targetHints":{"allow":["GET"]}}],"collection":[{"href":"http:\/\/argentinamunicipal.com.ar\/argentina\/wp-json\/wp\/v2\/posts"}],"about":[{"href":"http:\/\/argentinamunicipal.com.ar\/argentina\/wp-json\/wp\/v2\/types\/post"}],"author":[{"embeddable":true,"href":"http:\/\/argentinamunicipal.com.ar\/argentina\/wp-json\/wp\/v2\/users\/2"}],"replies":[{"embeddable":true,"href":"http:\/\/argentinamunicipal.com.ar\/argentina\/wp-json\/wp\/v2\/comments?post=57361"}],"version-history":[{"count":0,"href":"http:\/\/argentinamunicipal.com.ar\/argentina\/wp-json\/wp\/v2\/posts\/57361\/revisions"}],"wp:featuredmedia":[{"embeddable":true,"href":"http:\/\/argentinamunicipal.com.ar\/argentina\/wp-json\/wp\/v2\/media\/57362"}],"wp:attachment":[{"href":"http:\/\/argentinamunicipal.com.ar\/argentina\/wp-json\/wp\/v2\/media?parent=57361"}],"wp:term":[{"taxonomy":"category","embeddable":true,"href":"http:\/\/argentinamunicipal.com.ar\/argentina\/wp-json\/wp\/v2\/categories?post=57361"},{"taxonomy":"post_tag","embeddable":true,"href":"http:\/\/argentinamunicipal.com.ar\/argentina\/wp-json\/wp\/v2\/tags?post=57361"}],"curies":[{"name":"wp","href":"https:\/\/api.w.org\/{rel}","templated":true}]}}