{"id":57370,"date":"2016-12-15T06:34:48","date_gmt":"2016-12-15T09:34:48","guid":{"rendered":"http:\/\/argentinamunicipal.com.ar\/argentina\/?p=57370"},"modified":"2016-12-15T08:37:19","modified_gmt":"2016-12-15T11:37:19","slug":"obera-millonaria-inversion-obra-publica-intendente-fernandez-cumplio-ano-gestion","status":"publish","type":"post","link":"http:\/\/argentinamunicipal.com.ar\/argentina\/obera-millonaria-inversion-obra-publica-intendente-fernandez-cumplio-ano-gestion\/","title":{"rendered":"Ober\u00e1: con millonaria inversi\u00f3n en obra p\u00fablica el Intendente Fern\u00e1ndez cumpli\u00f3 un a\u00f1o de gesti\u00f3n"},"content":{"rendered":"<p>El Alcalde municipal de la Capital Nacional del Inmigrante, Carlos Fern\u00e1ndez, cumpli\u00f3 su primer a\u00f1o al frente de la intendencia con la incorporaci\u00f3n de m\u00e1quinas para el parque vial y desarrollo de la obra p\u00fablica, como as\u00ed tambi\u00e9n un fuerte trabajo en el mejoramiento de espacios p\u00fablicos y tur\u00edsticos, adem\u00e1s de un importante acuerdo con la Cooperativa El\u00e9ctrica (CELO) dejando atr\u00e1s millonarias deudas entre las instituciones.<\/p>\n<p>En su primer a\u00f1o de Gesti\u00f3n frente a la Municipalidad de Ober\u00e1, el Intendente Fern\u00e1ndez realiz\u00f3 un balance de trabajo realizado en conjunto con su equipo de colaboradores, \u201cen primera instancia debo agradecer al vecino por la confianza depositada en m\u00ed y los que me acompa\u00f1an. Mucha gente se acerc\u00f3 despu\u00e9s de un tiempo a pagar sus impuestos, eso nos vino muy bien para comenzar esta etapa tan complicada\u201d.<\/p>\n<p>Como primera medida, detectaron que el parque vial de obras p\u00fablicas estaba deteriorado, por ello tomaron la decisi\u00f3n de realizar un inversi\u00f3n superior a los 20 millones de pesos para incorporar m\u00e1quinas que permitan trabajar de una mejor manera y revalorizar el patrimonio actual, \u201ccon esa inversi\u00f3n que fue de a poco y gracias al Fondo de la Soja, nos pusimos a trabajar en la renovaci\u00f3n de espacios p\u00fablicos de toda la ciudad, colocando luminaria, juegos y maquinas saludables y en camino terrados llegando a m\u00e1s de 200 kil\u00f3metros. Tambi\u00e9n realizamos un arduo trabajo en el Camping Municipal Salto Berrondo, remodelando el bufet, mejorando la parquizaci\u00f3n y sus instalaciones, para que \u00e9ste verano est\u00e9n en las mejores condiciones\u201d.<\/p>\n<p>Adem\u00e1s destac\u00f3 que encararon al turismo de la ciudad como eje de gesti\u00f3n y como un claro ejemplo de ello, por primera vez en la historia, Termas de la Selva cerr\u00f3 un balance mensual con saldo positivo y as\u00ed se repiti\u00f3 por tres meses.<\/p>\n<p>Fern\u00e1ndez, orgulloso se\u00f1al\u00f3 que Ober\u00e1 gracias al trabajo realizado por la municipalidad, en conjunto con los vecinos, trabaj\u00f3 en la campa\u00f1a contra el dengue, siendo la ciudad que m\u00e1s redujo el \u00edndice larvario quedando por debajo de la zona de riesgo de epidemia.<\/p>\n<p>\u201cUna de las acciones m\u00e1s importantes fue el acuerdo hist\u00f3rico celebrado con la CELO, dejando atr\u00e1s las antiguas deudas y comenzando una nueva y positiva relaci\u00f3n entre las instituciones m\u00e1s importantes de la ciudad\u201d.<\/p>\n<h6>Fuente: Misiones Online<\/h6>\n","protected":false},"excerpt":{"rendered":"<p>El Alcalde municipal de la Capital Nacional del Inmigrante, Carlos Fern\u00e1ndez, cumpli\u00f3 su primer a\u00f1o al frente de la intendencia con la incorporaci\u00f3n de m\u00e1quinas para el parque vial y desarrollo de la obra p\u00fablica<\/p>\n","protected":false},"author":2,"featured_media":57371,"comment_status":"closed","ping_status":"closed","sticky":false,"template":"","format":"standard","meta":{"footnotes":""},"categories":[2],"tags":[27],"class_list":["post-57370","post","type-post","status-publish","format-standard","has-post-thumbnail","hentry","category-informe-municipal","tag-misiones"],"_links":{"self":[{"href":"http:\/\/argentinamunicipal.com.ar\/argentina\/wp-json\/wp\/v2\/posts\/57370","targetHints":{"allow":["GET"]}}],"collection":[{"href":"http:\/\/argentinamunicipal.com.ar\/argentina\/wp-json\/wp\/v2\/posts"}],"about":[{"href":"http:\/\/argentinamunicipal.com.ar\/argentina\/wp-json\/wp\/v2\/types\/post"}],"author":[{"embeddable":true,"href":"http:\/\/argentinamunicipal.com.ar\/argentina\/wp-json\/wp\/v2\/users\/2"}],"replies":[{"embeddable":true,"href":"http:\/\/argentinamunicipal.com.ar\/argentina\/wp-json\/wp\/v2\/comments?post=57370"}],"version-history":[{"count":0,"href":"http:\/\/argentinamunicipal.com.ar\/argentina\/wp-json\/wp\/v2\/posts\/57370\/revisions"}],"wp:featuredmedia":[{"embeddable":true,"href":"http:\/\/argentinamunicipal.com.ar\/argentina\/wp-json\/wp\/v2\/media\/57371"}],"wp:attachment":[{"href":"http:\/\/argentinamunicipal.com.ar\/argentina\/wp-json\/wp\/v2\/media?parent=57370"}],"wp:term":[{"taxonomy":"category","embeddable":true,"href":"http:\/\/argentinamunicipal.com.ar\/argentina\/wp-json\/wp\/v2\/categories?post=57370"},{"taxonomy":"post_tag","embeddable":true,"href":"http:\/\/argentinamunicipal.com.ar\/argentina\/wp-json\/wp\/v2\/tags?post=57370"}],"curies":[{"name":"wp","href":"https:\/\/api.w.org\/{rel}","templated":true}]}}