{"id":57415,"date":"2016-12-16T07:42:17","date_gmt":"2016-12-16T10:42:17","guid":{"rendered":"http:\/\/argentinamunicipal.com.ar\/argentina\/?p=57415"},"modified":"2016-12-16T07:42:17","modified_gmt":"2016-12-16T10:42:17","slug":"jueves-negro-macri-le-llovieron-criticas-desde-perez-esquivel-la-cepal","status":"publish","type":"post","link":"http:\/\/argentinamunicipal.com.ar\/argentina\/jueves-negro-macri-le-llovieron-criticas-desde-perez-esquivel-la-cepal\/","title":{"rendered":"Jueves negro para Macri: Le llovieron cr\u00edticas desde P\u00e9rez Esquivel a la CEPAL"},"content":{"rendered":"<p>El premio Nobel de la Paz, el ex presidente de Uruguay y la monja se mostraron disconformes con algunas de las pol\u00edticas del Gobierno. Adem\u00e1s, entidades como la CEPAL y la UCA lanzaron alarmantes cifras sobre la situaci\u00f3n econ\u00f3mica.<\/p>\n<p>Mientras el premio Nobel de la Paz, Adolfo P\u00e9rez Esquivel, le envi\u00f3 una carta al presidente para reclamar que intervenga en el caso de Milagro Sala, el ex presidente de Uruguay Jos\u00e9 Mujica visit\u00f3 nuestro pa\u00eds y aprovech\u00f3 para apuntar contra Macri al criticar a los empresarios que se dedican a la gesti\u00f3n p\u00fablica, mientras que la monja Martha Pelloni dijo estar \u201cdesilusionada\u201d del primer mandatario. Tambi\u00e9n, desde la CEPAL y la UCA lanzaron alarmantes cifras sobre la situaci\u00f3n econ\u00f3mica.<\/p>\n<p>El presidente de la Comisi\u00f3n Provincial por la Memoria le envi\u00f3 un mensaje al presidente en el que pidi\u00f3 su intervenci\u00f3n en el caso de Milagro Sala, quien est\u00e1 pr\u00f3xima a cumplir un a\u00f1o detenida en Jujuy.<\/p>\n<p>\u00abLa defensa de los derechos humanos debe ser integral porque son valores indivisibles de la construcci\u00f3n democr\u00e1tica. No evadas tus responsabilidades\u00bb, le dice el referente en la materia a Mauricio Macri y recuerda los reclamos internacionales para liberar a la l\u00edder de la organizaci\u00f3n Tupac Amaru.<\/p>\n<p>En tanto, y de visita por Argentina, el ex primer mandatario de Uruguay critic\u00f3 la \u00abcultura CEO\u00bb para administrar la cosa p\u00fablica en contraposici\u00f3n con las cr\u00edticas que reciben los pol\u00edticos. De esta forma, Mujica lanz\u00f3 lo que pareciera ser un cuestionamiento directo a Macri, quien acudi\u00f3 a varios ex gerentes de empresas para ubicarlos en su Gabinete.<\/p>\n<p>En este sentido, sostuvo que estos directivos de empresas \u00abdicen que administrar un pa\u00eds es como administrar una f\u00e1brica\u00bb, pero, rechaz\u00f3 esta idea al asegurar que \u201cvienen con el verso de los grandes gestores, que, como amasaron mucha guita son unos crack para la gesti\u00f3n\u00bb.<\/p>\n<p>Por su parte, la monja cuestion\u00f3 las pol\u00edticas econ\u00f3micas de Cambiemos y dijo que est\u00e1 \u00abdesilusionada\u00bb por la gesti\u00f3n del presidente.<\/p>\n<p>\u00abLa situaci\u00f3n social est\u00e1 mal, mal. Yo soy sincera, lo vot\u00e9 a Macri porque dije no al narcotr\u00e1fico, no a la droga y no a la corrupcion que fue parte de su campa\u00f1a. Yo creo que el staff de la c\u00fapula de gobierno son gente seria, pero, \u00bfcon qu\u00e9 mentalidad? La seriedad tiene que tener los valores de pensar en los otros, en el pueblo, la sociedad.\u00a0 La linea econ\u00f3mica de este gobierno ya est\u00e1 a la vista que no puede ser\u00bb,\u00a0afirm\u00f3 la religiosa de la Congregaci\u00f3n de Carmelitas Misioneras Teresianas.<\/p>\n<p>\u00abA Macri le dir\u00eda que por favor le d\u00e9 trabajo al pueblo argentino\u00bb, reclam\u00f3 Pelloni.<\/p>\n<p><strong>N\u00fameros de la CEPAL<\/strong><\/p>\n<p>La Comisi\u00f3n Econ\u00f3mica para Am\u00e9rica Latina y el Caribe (CEPAL) difundi\u00f3 ayer su Balance Preliminar de 2016, un documento en el que analiza el desempe\u00f1o de la cada una de las econom\u00edas de la regi\u00f3n durante el a\u00f1o y adelantan un primer pron\u00f3stico para el a\u00f1o pr\u00f3ximo.<\/p>\n<p>Respecto de la Argentina, el Balance Preliminar describi\u00f3 que \u201cla din\u00e1mica exhibida por la econom\u00eda argentina en 2016 respondi\u00f3 tanto a factores externos, (como ser) la recesi\u00f3n en el Brasil como (a factores) internos\u201d, lo que se tradujo en que la actividad econ\u00f3mica se contrajera en los primeros tres trimestres del a\u00f1o a un ritmo interanual del 2,4%, \u201ctras una retracci\u00f3n importante de la inversi\u00f3n, el descenso del consumo de los hogares y la reducci\u00f3n del gasto p\u00fablico, que no llegaron a ser compensados por el aumento de las exportaciones\u201d.<\/p>\n<p>\u201cLa consecuente ca\u00edda de la participaci\u00f3n de los asalariados en el ingreso, que incide en la evoluci\u00f3n del consumo privado en el corto plazo, se sum\u00f3 a la retracci\u00f3n de la inversi\u00f3n, y no fue compensada por la evoluci\u00f3n del gasto p\u00fablico ni por las exportaciones, que mostraron una expansi\u00f3n moderada. Si bien en la segunda mitad del a\u00f1o el gasto p\u00fablico cumpli\u00f3 un rol menos contractivo, ante la retracci\u00f3n del consumo de los hogares y la reducci\u00f3n de la inversi\u00f3n, se estima que el a\u00f1o culminar\u00e1 con una ca\u00edda del PIB del 2,0%\u201d, se lee en el reporte.<\/p>\n<p><strong>N\u00fameros de la UCA<\/strong><\/p>\n<p>Las medidas del Gobierno que buscaron \u00abresolver los desajustes macroecon\u00f3micos y crear un clima de confianza para una reacci\u00f3n favorable de los mercados no han tenido la respuesta esperada\u00bb, advirti\u00f3 hoy la Universidad Cat\u00f3lica Argentina (UCA), que reclam\u00f3 \u00abpol\u00edticas activas\u00bb para que una eventual llegada de inversiones \u00abse derrame\u00bb hacia los sectores postergado.<\/p>\n<p>El Observatorio de la Deuda Social Argentina (ODSA) de esa casa de estudios dio a conocer este mediod\u00eda un informe sobre \u00abEmpleo, precariedad laboral y desigualdades estructurales (2010-2016)\u00bb, en la sede de Puerto Madero, donde, adem\u00e1s, advirti\u00f3 que \u00abs\u00f3lo el 41,4% de la poblaci\u00f3n econ\u00f3micamente activa posee un empleo asalariado o no asalariado con calidad plena de derechos laborales\u00bb y \u00ab9,9% se encuentra abiertamente desocupado\u00bb.<\/p>\n<p>\u00abDurante el \u00faltimo a\u00f1o, las medidas que buscaron resolver desajustes macroecon\u00f3micos, a la vez que crear un clima de confianza para lograr una reacci\u00f3n favorable de los mercados, no han tenido la respuesta esperada\u00bb, advirti\u00f3 el informe, presentado por Agust\u00edn Salvia, director de Investigaci\u00f3n del ODSA, para quien \u00abaunque venga una lluvia de inversiones, no habr\u00e1 derrame hacia los sectores menos din\u00e1micos si no hay pol\u00edticas activas\u00bb del Estado.<\/p>\n<h6>Fuente: InfoCielo<\/h6>\n","protected":false},"excerpt":{"rendered":"<p>El premio Nobel de la Paz, el ex presidente de Uruguay y la monja se mostraron disconformes con algunas de las pol\u00edticas del Gobierno. Adem\u00e1s, entidades como la CEPAL y la UCA lanzaron alarmantes cifras sobre la situaci\u00f3n econ\u00f3mica.<\/p>\n","protected":false},"author":2,"featured_media":57416,"comment_status":"closed","ping_status":"closed","sticky":false,"template":"","format":"standard","meta":{"footnotes":""},"categories":[8],"tags":[21],"class_list":["post-57415","post","type-post","status-publish","format-standard","has-post-thumbnail","hentry","category-informe-nacional","tag-argentina"],"_links":{"self":[{"href":"http:\/\/argentinamunicipal.com.ar\/argentina\/wp-json\/wp\/v2\/posts\/57415","targetHints":{"allow":["GET"]}}],"collection":[{"href":"http:\/\/argentinamunicipal.com.ar\/argentina\/wp-json\/wp\/v2\/posts"}],"about":[{"href":"http:\/\/argentinamunicipal.com.ar\/argentina\/wp-json\/wp\/v2\/types\/post"}],"author":[{"embeddable":true,"href":"http:\/\/argentinamunicipal.com.ar\/argentina\/wp-json\/wp\/v2\/users\/2"}],"replies":[{"embeddable":true,"href":"http:\/\/argentinamunicipal.com.ar\/argentina\/wp-json\/wp\/v2\/comments?post=57415"}],"version-history":[{"count":0,"href":"http:\/\/argentinamunicipal.com.ar\/argentina\/wp-json\/wp\/v2\/posts\/57415\/revisions"}],"wp:featuredmedia":[{"embeddable":true,"href":"http:\/\/argentinamunicipal.com.ar\/argentina\/wp-json\/wp\/v2\/media\/57416"}],"wp:attachment":[{"href":"http:\/\/argentinamunicipal.com.ar\/argentina\/wp-json\/wp\/v2\/media?parent=57415"}],"wp:term":[{"taxonomy":"category","embeddable":true,"href":"http:\/\/argentinamunicipal.com.ar\/argentina\/wp-json\/wp\/v2\/categories?post=57415"},{"taxonomy":"post_tag","embeddable":true,"href":"http:\/\/argentinamunicipal.com.ar\/argentina\/wp-json\/wp\/v2\/tags?post=57415"}],"curies":[{"name":"wp","href":"https:\/\/api.w.org\/{rel}","templated":true}]}}