{"id":57616,"date":"2016-12-21T07:06:22","date_gmt":"2016-12-21T10:06:22","guid":{"rendered":"http:\/\/argentinamunicipal.com.ar\/argentina\/?p=57616"},"modified":"2016-12-21T07:06:22","modified_gmt":"2016-12-21T10:06:22","slug":"blanqueo-freno-senado-al-decreto-macri-familiares","status":"publish","type":"post","link":"http:\/\/argentinamunicipal.com.ar\/argentina\/blanqueo-freno-senado-al-decreto-macri-familiares\/","title":{"rendered":"Blanqueo: freno en el Senado al decreto de Macri por familiares"},"content":{"rendered":"<p>La comisi\u00f3n Bicameral de los DNU lo rechaz\u00f3 por 9 votos a 7. Es el que habilita a parientes de funcionarios a blanquear activos<\/p>\n<p>La Comisi\u00f3n Bicameral Permanente de Tr\u00e1mite Legislativo \u2014conocida como la Bicameral de los DNU\u2014, ayer jug\u00f3 fuerte; y rechaz\u00f3 el pol\u00e9mico decreto presidencial 1206\/16 que habilita a ingresar a los beneficios del blanqueo de capitales a familiares directos de altos funcionarios de la Casa Rosada, incluido del propio presidente Mauricio Macri.<\/p>\n<p>Padres, c\u00f3nyuges e hijos no estaban habilitados a blanquear, seg\u00fan la ley que vot\u00f3 el Congreso durante 2016, a iniciativa de la Casa Rosada. Pero sorpresivamente, un decreto posterior del presidente Macri habilit\u00f3 aquello que la ley prohib\u00eda. Ayer, la bicameral que tiene como flamante presidente al diputado rosarino (FpV) Marcos Cleri emiti\u00f3 dictamen con 9 firmas a favor y 7 en contra rechazando el decreto. El tr\u00e1mite legislativo pas\u00f3 a las sesiones ordinarias de marzo, cuando deber\u00eda debatirse en el recinto.<\/p>\n<p>Simult\u00e1neamente, y en el mismo sentido, ya tiene curso un tr\u00e1mite judicial que inici\u00f3 el diputado Felipe Sol\u00e1. Y que podr\u00eda converger con el dictamen de ayer del Congreso, que tiene alta probabilidad de terminar judicializado.<\/p>\n<p>Cambiemos qued\u00f3 ayer en minor\u00eda y neg\u00f3 que la bicameral tenga atribuciones para tratar un decreto que consider\u00f3 \u00abreglamentario\u00bb y no un Decreto de Necesidad y Urgencia (DNU), Delegado, o de Promulgaci\u00f3n parcial, que, siempre seg\u00fan Cambiemos, ser\u00edan los \u00fanicos casos donde la bicameral tendr\u00eda atribuciones.<\/p>\n<p>La discusi\u00f3n sobre hasta qu\u00e9 grado de parentesco deb\u00eda habilitarse o no el ingreso a los beneficios de ley de Blanqueo de Capitales, en su momento, fue motivo de un amplio debate, en ambas C\u00e1maras. El decreto presidencial posterior \u00abfue una maniobra, un subterfugio, para burlar la voluntad de los legisladores\u00bb, apunt\u00f3 el senador Juan Pa\u00eds, informante.<\/p>\n<p><strong>Alteraciones<\/strong><\/p>\n<p>\u00abSe altera la letra, el esp\u00edritu de la ley (de blanqueo), corresponde declarar la nulidad insanable, mucho m\u00e1s que su invalidez\u00bb, defini\u00f3 el senador por Chubut. En el mismo sentido, Marcos Cleri, que ayer mostraba a quien quisiera ver una peque\u00f1a Constituci\u00f3n nacional de bolsillo previamente marcada en un par de art\u00edculos clave, explic\u00f3 que la bicameral tiene la funci\u00f3n del control de constitucionalidad. Y que en \u00e9ste caso corresponde analizar el decreto, aunque no haya sido establecido como DNU por la Presidencia.<\/p>\n<p>Los diputados y senadores del FpV esta vez actuaron en conjunto, y con apoyo del massita Ra\u00fal P\u00e9rez y Adolfo Rodriguez Sa\u00e1, consiguieron complicar al gobierno en un punto muy sensible.<\/p>\n<p>Cleri coment\u00f3 que su tarea al frente de la comisi\u00f3n de los DNU \u00abser\u00e1 la evitar los abusos presidenciales que se vienen sucediendo a trav\u00e9s de los decretos. Queremos aportar control democr\u00e1tico a los actos de gobierno\u00bb, abund\u00f3.<\/p>\n<p>Para constituir la mayor\u00eda que, en principio, voltea la intenci\u00f3n presidencial de meter a los parientes al blanqueo por la ventada que le abri\u00f3 el decreto, Cleri cont\u00f3 con el acompa\u00f1amiento de Juan Manuel Abal Medina, tambi\u00e9n del FpV, pero en muchas votaciones cercano a Cambiemos: \u00abNo me sorprende que el Poder Ejecutivo quiera dictar un decreto que cambia el sentido de la ley que votamos; recordemos que quisieron nombrar a dos miembros de la Corte Suprema mediante un decreto simple\u00bb.<\/p>\n<p>Luego Abal Medina, que ahora se define como integrante del espacio Movimiento Evita, explic\u00f3, \u00abpor encima de las interpretaciones legales en cuanto a la competencia de la bicameral, nosotros tenemos la obligaci\u00f3n de tratar \u00e9ste decreto\u00bb.<\/p>\n<p>Por su parte, el diputado Pablo Tonelli, espada jur\u00eddica de Cambiemos y tambi\u00e9n miembro de la bicameral, interpret\u00f3 que no est\u00e1 dentro de las atribuciones de la comisi\u00f3n mixta de tr\u00e1mite legislativo analizar \u00absi el decreto es bueno o es malo\u00bb. Para Tonelli, si hubiera \u00abexceso reglamentario\u00bb en la actitud del Poder Ejecutivo (reglamentar una ley en un sentido contrario a su esp\u00edritu) \u00ablos caminos a recorrer son el judicial \u2014 la v\u00eda que tom\u00f3 Felipe Sol\u00e1\u2014 o dictar una ley nueva ley en sentido contrario al decreto\u00bb.<\/p>\n<h6>Fuente: La Capital Rosario<\/h6>\n","protected":false},"excerpt":{"rendered":"<p>La comisi\u00f3n Bicameral de los DNU lo rechaz\u00f3 por 9 votos a 7. Es el que habilita a parientes de funcionarios a blanquear activos<\/p>\n","protected":false},"author":2,"featured_media":57617,"comment_status":"closed","ping_status":"closed","sticky":false,"template":"","format":"standard","meta":{"footnotes":""},"categories":[8],"tags":[21],"class_list":["post-57616","post","type-post","status-publish","format-standard","has-post-thumbnail","hentry","category-informe-nacional","tag-argentina"],"_links":{"self":[{"href":"http:\/\/argentinamunicipal.com.ar\/argentina\/wp-json\/wp\/v2\/posts\/57616","targetHints":{"allow":["GET"]}}],"collection":[{"href":"http:\/\/argentinamunicipal.com.ar\/argentina\/wp-json\/wp\/v2\/posts"}],"about":[{"href":"http:\/\/argentinamunicipal.com.ar\/argentina\/wp-json\/wp\/v2\/types\/post"}],"author":[{"embeddable":true,"href":"http:\/\/argentinamunicipal.com.ar\/argentina\/wp-json\/wp\/v2\/users\/2"}],"replies":[{"embeddable":true,"href":"http:\/\/argentinamunicipal.com.ar\/argentina\/wp-json\/wp\/v2\/comments?post=57616"}],"version-history":[{"count":0,"href":"http:\/\/argentinamunicipal.com.ar\/argentina\/wp-json\/wp\/v2\/posts\/57616\/revisions"}],"wp:featuredmedia":[{"embeddable":true,"href":"http:\/\/argentinamunicipal.com.ar\/argentina\/wp-json\/wp\/v2\/media\/57617"}],"wp:attachment":[{"href":"http:\/\/argentinamunicipal.com.ar\/argentina\/wp-json\/wp\/v2\/media?parent=57616"}],"wp:term":[{"taxonomy":"category","embeddable":true,"href":"http:\/\/argentinamunicipal.com.ar\/argentina\/wp-json\/wp\/v2\/categories?post=57616"},{"taxonomy":"post_tag","embeddable":true,"href":"http:\/\/argentinamunicipal.com.ar\/argentina\/wp-json\/wp\/v2\/tags?post=57616"}],"curies":[{"name":"wp","href":"https:\/\/api.w.org\/{rel}","templated":true}]}}