{"id":57619,"date":"2016-12-21T07:08:45","date_gmt":"2016-12-21T10:08:45","guid":{"rendered":"http:\/\/argentinamunicipal.com.ar\/argentina\/?p=57619"},"modified":"2016-12-21T07:08:45","modified_gmt":"2016-12-21T10:08:45","slug":"empleo-industrial-acelera-caida","status":"publish","type":"post","link":"http:\/\/argentinamunicipal.com.ar\/argentina\/empleo-industrial-acelera-caida\/","title":{"rendered":"El empleo industrial acelera su ca\u00edda"},"content":{"rendered":"<p>La actividad fabril es una de las m\u00e1s castigadas en lo que va del a\u00f1o. Esa situaci\u00f3n impacta de manera directa en los niveles de contrataci\u00f3n. Adem\u00e1s creci\u00f3 la informalidad en el conjunto de la econom\u00eda.<\/p>\n<p>La ca\u00edda de la producci\u00f3n industrial mes a mes provoc\u00f3 un fuerte deterioro en la plantilla de personal de los establecimientos manufactureros. El empleo industrial tuvo un retroceso de 2,6 por ciento en el tercer trimestre del a\u00f1o respecto del mismo per\u00edodo del a\u00f1o pasado y una ca\u00edda de 1,6 por ciento en relaci\u00f3n con el segundo trimestre. En lo que va de 2016 se acumul\u00f3 una contracci\u00f3n del personal del 1,6 por ciento. As\u00ed lo precis\u00f3 ayer el Indec en su informe de obreros ocupados. Las ramas automotriz y metalmec\u00e1nica fueron algunas de las que registraron la peor performance. El centro de estad\u00edsticas oficial inform\u00f3 adem\u00e1s el dato del trabajo no registrado, el cual ascendi\u00f3 al 33,8 por ciento de los trabajadores en el tercer trimestre, cuando era de 33,4 por ciento en el trimestre anterior. En el tercer trimestre de 2015 se hab\u00eda registrado una informalidad del 33,1 por ciento. El Indec sac\u00f3 de circulaci\u00f3n la informaci\u00f3n sobre el empleo en negro entre 2007 y \u00a02015, al aclarar que los datos se contin\u00faan revisando tras declarar la emergencia estad\u00edstica en el instituto (ver aparte).<\/p>\n<p>La situaci\u00f3n de la industria preocupa tanto a peque\u00f1os y medianos empresarios como a las grandes compa\u00f1\u00edas que operan en el mercado interno. El sector destina gran parte de su producci\u00f3n a abastecer la demanda local, la cual en los \u00faltimos meses tuvo una fuerte ca\u00edda y pocos creen que se recuperar\u00e1 en forma sostenida el pr\u00f3ximo a\u00f1o. La situaci\u00f3n de incertidumbre y retroceso de los negocios llev\u00f3 a las f\u00e1bricas a acelerar los despidos, reducir jornadas de trabajo y anunciar suspensiones del personal.<\/p>\n<p>En el informe de empleo industrial del Indec se ofrece un detalle sobre cu\u00e1les fueron los sectores manufactureros con mayor recorte de trabajadores. La rama de minerales no met\u00e1licos anot\u00f3 una merma del 4,3 por ciento en el tercer trimestre en relaci\u00f3n con igual per\u00edodo del a\u00f1o pasado. Este sector se vio con importantes dificultades para sostener al personal por la ca\u00edda de la construcci\u00f3n y, por tanto, el consumo interno de cemento y otros materiales.<\/p>\n<p>La fabricaci\u00f3n de veh\u00edculos automotores, remolques y semirremolques registr\u00f3 una baja de 6,4 por ciento, en tanto que la fabricaci\u00f3n de equipos y aparatos de radio, televisi\u00f3n y comunicaciones se redujo en 6,6 por ciento y en el rubro de maquinaria y equipo la merma fue del 6,1 por ciento. Electrodom\u00e9sticos y aparatos electr\u00f3nicos fue uno de los segmentos de consumo m\u00e1s afectados este a\u00f1o, por la disminuci\u00f3n del poder de compra de los asalariados y la incertidumbre en el mercado laboral.<\/p>\n<p>Otros rubros con ca\u00eddas de empleo fueron fabricaci\u00f3n de papel (-5,2 por ciento), textil (-2,7 por ciento), metales comunes (-4,6), muebles (-4,1) y elaboraci\u00f3n tabaco (-14,4), un sector donde afect\u00f3 fuerte la suba de impuestos. El \u00fanico segmento industrial en el que aumentaron los puestos de trabajo, seg\u00fan el Indec, es la fabricaci\u00f3n de productos de caucho y pl\u00e1stico, con un alza del 2,5 por ciento.<\/p>\n<p>Los referentes manufactureros se encuentran preocupados por la situaci\u00f3n y piden que el Gobierno tome medidas para frenar el derrumbe del sector. \u201cEstamos para abajo, estamos pidiendo con la m\u00e1xima velocidad posible que se vaya r\u00e1pido este a\u00f1o. Si fuera por m\u00ed, pedir\u00edamos que hici\u00e9ramos un per saltum hasta de las vacaciones\u201d, dijo ayer el secretario de la Uni\u00f3n Industrial Argentina, Juan Carlos Sacco. Y asegur\u00f3 que volver a crecer ser\u00e1 muy complicado. \u201cPersonalmente estoy convencido de que costar\u00e1 mucho reflotar. Un factor es Brasil, que para m\u00ed no arranca hasta 2019. Ni en 2017 ni en 2018\u201d, alert\u00f3.<\/p>\n<p>En cuanto a la situaci\u00f3n del empleo en negro, el Indec indic\u00f3 que cerca de 4 millones de trabajadores no se encuentran registrados, por lo que no tienen aportes previsionales ni obra social. La informalidad en el Noroeste del pa\u00eds sube al 40,3 por ciento, mientras que en la Patagonia se registran los menores registros (17,5 por ciento). A su vez, en el Gran Buenos Aires la cifra se ubica en 33,7 por ciento; en Cuyo, en 36,7; en la regi\u00f3n Pampeana, 33,3, y en el Noreste, 34,8.<\/p>\n<p>En los aglomerados de m\u00e1s de 500.00 habitantes el empleo en negro se ubic\u00f3 en 34,7 por ciento, mientras que en las localidades de menos de 500.000 individuos la cifra fue del 29,4 por ciento. En el detalle por centros urbanos, se precis\u00f3 que el trabajo en negro fue del 37,1 por ciento en gran Mendoza, del 39,2 en gran San Juan, del 36,2 en Corrientes, del 38,9 en gran Resistencia y del 45,4 en gran Tucum\u00e1n, entre otras. En el documento del Indec se mencion\u00f3 adem\u00e1s que la desocupaci\u00f3n es del 9,2 por ciento entre las mujeres y del 8,0 entre los varones.<\/p>\n<h6>Fuente: P\u00e1gina 12<\/h6>\n","protected":false},"excerpt":{"rendered":"<p>La actividad fabril es una de las m\u00e1s castigadas en lo que va del a\u00f1o. Esa situaci\u00f3n impacta de manera directa en los niveles de contrataci\u00f3n. Adem\u00e1s creci\u00f3 la informalidad en el conjunto de la econom\u00eda.<\/p>\n","protected":false},"author":2,"featured_media":57620,"comment_status":"closed","ping_status":"closed","sticky":false,"template":"","format":"standard","meta":{"footnotes":""},"categories":[8],"tags":[21],"class_list":["post-57619","post","type-post","status-publish","format-standard","has-post-thumbnail","hentry","category-informe-nacional","tag-argentina"],"_links":{"self":[{"href":"http:\/\/argentinamunicipal.com.ar\/argentina\/wp-json\/wp\/v2\/posts\/57619","targetHints":{"allow":["GET"]}}],"collection":[{"href":"http:\/\/argentinamunicipal.com.ar\/argentina\/wp-json\/wp\/v2\/posts"}],"about":[{"href":"http:\/\/argentinamunicipal.com.ar\/argentina\/wp-json\/wp\/v2\/types\/post"}],"author":[{"embeddable":true,"href":"http:\/\/argentinamunicipal.com.ar\/argentina\/wp-json\/wp\/v2\/users\/2"}],"replies":[{"embeddable":true,"href":"http:\/\/argentinamunicipal.com.ar\/argentina\/wp-json\/wp\/v2\/comments?post=57619"}],"version-history":[{"count":0,"href":"http:\/\/argentinamunicipal.com.ar\/argentina\/wp-json\/wp\/v2\/posts\/57619\/revisions"}],"wp:featuredmedia":[{"embeddable":true,"href":"http:\/\/argentinamunicipal.com.ar\/argentina\/wp-json\/wp\/v2\/media\/57620"}],"wp:attachment":[{"href":"http:\/\/argentinamunicipal.com.ar\/argentina\/wp-json\/wp\/v2\/media?parent=57619"}],"wp:term":[{"taxonomy":"category","embeddable":true,"href":"http:\/\/argentinamunicipal.com.ar\/argentina\/wp-json\/wp\/v2\/categories?post=57619"},{"taxonomy":"post_tag","embeddable":true,"href":"http:\/\/argentinamunicipal.com.ar\/argentina\/wp-json\/wp\/v2\/tags?post=57619"}],"curies":[{"name":"wp","href":"https:\/\/api.w.org\/{rel}","templated":true}]}}