{"id":57635,"date":"2016-12-21T07:40:46","date_gmt":"2016-12-21T10:40:46","guid":{"rendered":"http:\/\/argentinamunicipal.com.ar\/argentina\/?p=57635"},"modified":"2016-12-21T07:40:46","modified_gmt":"2016-12-21T10:40:46","slug":"cientificos-continuan-tomando-ministerio-ciencia-tecnologia-recorte-fondos","status":"publish","type":"post","link":"http:\/\/argentinamunicipal.com.ar\/argentina\/cientificos-continuan-tomando-ministerio-ciencia-tecnologia-recorte-fondos\/","title":{"rendered":"Cient\u00edficos contin\u00faan tomando el Ministerio de Ciencia y Tecnolog\u00eda por recorte de fondos"},"content":{"rendered":"<p>Por segundo d\u00eda consecutivo se mantiene la medida de fuerza en el edificio ubicado en la Ciudad Aut\u00f3noma de Buenos Aires. Reclaman incrementar la partida presupuestaria para dar continuidad a 500 becarios del organismo.<\/p>\n<p>Por segundo d\u00eda consecutivo, cient\u00edficos, estudiantes y docentes universitarios contin\u00faan tomando las instalaciones del Ministerio de Ciencia y Tecnolog\u00eda de la Naci\u00f3n en reclamo contra el recorte presupuestario que afecta a m\u00e1s de 500 investigadores.<\/p>\n<p>La medida se dispuso tras el fracaso de la reuni\u00f3n que gremios del sector mantuvieron con el ministro Lino Bara\u00f1ao, quien no accedi\u00f3 al planteo de los manifestantes que exigen el reestablecimiento de un presupuesto que garantice la continuidad de los becarios y el desarrollo de las investigaciones pautadas.<\/p>\n<p>Los becarios, al no recibir una respuesta, decidieron en asamblea quedarse en el hall central del edificio ministerial, donde con el correr de las horas se sumaron integrantes de ATE-Conicet, AGD-UBA, FUBA y Conadu-Hist\u00f3rica, entre otras entidades.<\/p>\n<p>Cabe recordar que la semana \u00faltima, Bara\u00f1ao procur\u00f3 justificar la reducci\u00f3n en el ingreso a la carrera de investigaci\u00f3n al afirmar que el n\u00famero de nuevas incorporaciones \u00abestaba fuera de lo normal, por ser muy alto\u00bb, y que se hab\u00eda realizado \u00absin ning\u00fan criterio\u00bb y respaldo presupuestario.<\/p>\n<h6>Fuente: InfoCielo<\/h6>\n","protected":false},"excerpt":{"rendered":"<p>Por segundo d\u00eda consecutivo se mantiene la medida de fuerza en el edificio ubicado en la Ciudad Aut\u00f3noma de Buenos Aires. Reclaman incrementar la partida presupuestaria para dar continuidad a 500 becarios del organismo.<\/p>\n","protected":false},"author":2,"featured_media":57636,"comment_status":"closed","ping_status":"closed","sticky":false,"template":"","format":"standard","meta":{"footnotes":""},"categories":[8],"tags":[21],"class_list":["post-57635","post","type-post","status-publish","format-standard","has-post-thumbnail","hentry","category-informe-nacional","tag-argentina"],"_links":{"self":[{"href":"http:\/\/argentinamunicipal.com.ar\/argentina\/wp-json\/wp\/v2\/posts\/57635","targetHints":{"allow":["GET"]}}],"collection":[{"href":"http:\/\/argentinamunicipal.com.ar\/argentina\/wp-json\/wp\/v2\/posts"}],"about":[{"href":"http:\/\/argentinamunicipal.com.ar\/argentina\/wp-json\/wp\/v2\/types\/post"}],"author":[{"embeddable":true,"href":"http:\/\/argentinamunicipal.com.ar\/argentina\/wp-json\/wp\/v2\/users\/2"}],"replies":[{"embeddable":true,"href":"http:\/\/argentinamunicipal.com.ar\/argentina\/wp-json\/wp\/v2\/comments?post=57635"}],"version-history":[{"count":0,"href":"http:\/\/argentinamunicipal.com.ar\/argentina\/wp-json\/wp\/v2\/posts\/57635\/revisions"}],"wp:featuredmedia":[{"embeddable":true,"href":"http:\/\/argentinamunicipal.com.ar\/argentina\/wp-json\/wp\/v2\/media\/57636"}],"wp:attachment":[{"href":"http:\/\/argentinamunicipal.com.ar\/argentina\/wp-json\/wp\/v2\/media?parent=57635"}],"wp:term":[{"taxonomy":"category","embeddable":true,"href":"http:\/\/argentinamunicipal.com.ar\/argentina\/wp-json\/wp\/v2\/categories?post=57635"},{"taxonomy":"post_tag","embeddable":true,"href":"http:\/\/argentinamunicipal.com.ar\/argentina\/wp-json\/wp\/v2\/tags?post=57635"}],"curies":[{"name":"wp","href":"https:\/\/api.w.org\/{rel}","templated":true}]}}