{"id":57638,"date":"2016-12-21T07:47:37","date_gmt":"2016-12-21T10:47:37","guid":{"rendered":"http:\/\/argentinamunicipal.com.ar\/argentina\/?p=57638"},"modified":"2016-12-21T07:47:37","modified_gmt":"2016-12-21T10:47:37","slug":"encuesta-del-primer-ano-macri-preocupa-la-desocupacion-cae-la-imagen-positiva-del-gobierno","status":"publish","type":"post","link":"http:\/\/argentinamunicipal.com.ar\/argentina\/encuesta-del-primer-ano-macri-preocupa-la-desocupacion-cae-la-imagen-positiva-del-gobierno\/","title":{"rendered":"Encuesta del primer a\u00f1o de Macri: preocupa la desocupaci\u00f3n y cae la imagen positiva del Gobierno"},"content":{"rendered":"<p>Un an\u00e1lisis de la consultora Synopsis revela las principales preocupaciones y expectativas de la opini\u00f3n p\u00fablica frente a los doce meses del Gobierno de Mauricio Macri. Ca\u00edda de la imagen positiva del presidente y de la intenci\u00f3n de voto de la alianza Cambiemos.<\/p>\n<p>De acuerdo a un informe realizado en base a encuestas de Synopsis Consultores entre el 8 y 9 de diciembre a nivel nacional a partir de 1767 casos en la Ciudad Aut\u00f3noma de Buenos Aires, el Conurbano y las principales ciudades del interior del pa\u00eds, la imagen negativa del Gobierno supera la positiva. Como consecuencia de una fuerte ca\u00edda de la imagen positiva (-2,7%) y un incremento a\u00fan m\u00e1s significativo de la imagen negativa (+4,6%), la valoraci\u00f3n del desempe\u00f1o de la actual gesti\u00f3n volvi\u00f3 a mostrar un deferencial negativo como sucedi\u00f3 en agosto pasado.<\/p>\n<p>As\u00ed, el 38,8% de los consultados mantiene una imagen negativa (23,9% en el rango de muy malo y 14,9% malo), mientras que 37,3% tiene una imagen positiva\u00a0 (14,8% muy bueno y 25,5 bueno), en tanto el 22,9% ve una imagen regular del Gobierno.<\/p>\n<p>El dato no es menor si se toma en cuenta que, seg\u00fan el estudio, la principal preocupaci\u00f3n de la ciudadan\u00eda est\u00e1 en la desocupaci\u00f3n con el 24,8%, superando a la corrupci\u00f3n 23,8%, inflaci\u00f3n 18,8%, inseguridad 14,7%, educaci\u00f3n 8,9% y narcotr\u00e1fico 3,0%, entre otras problem\u00e1ticas.<\/p>\n<p>El desempleo, que encabeza el ranking de preocupaciones, es especialmente marcado en los menores de 30 a\u00f1os. Este segmento etario (16-29 a\u00f1os) con el 31,6% encabeza la preocupaci\u00f3n por el desempleo y queda en contraposici\u00f3n con quienes est\u00e1n m\u00e1s preocupados por la corrupci\u00f3n, que son los mayores de 65 a\u00f1os (32,3%), a quienes por una cuesti\u00f3n l\u00f3gica no les preocupa esta problem\u00e1tica, analiza la consultora.<\/p>\n<p>Este panorama muestra que, al igual que en noviembre, nuevamente cae la intenci\u00f3n de voto al oficialismo, aunque esta vez de s\u00f3lo 0,7 puntos respecto del mes anterior. Tambi\u00e9n cae la intenci\u00f3n de voto a otra fuerza pol\u00edtica y crecen levemente los indecisos que llegan a 19,9% de los consultados. El 37,8% votar\u00eda por el oficialismo, mientras que el 42, 3% a otra fuerza pol\u00edtica.<\/p>\n<p>Las principales motivaciones a la hora de definir el voto a Cambiemos, el votante prioriza con el 44,7% a la variable \u201cque se haga justicia con la corrupci\u00f3n\u201d; 19,6% \u201csentirme protegido de la inseguridad\u201d, 18,8% \u201cque me alcance el sueldo para vivir\u201d; 13,0% \u201ctener estabilidad laboral\u201d; y 3,9% \u201cotro motivo\u201d. En tanto, la raz\u00f3n que motiva el voto a la oposici\u00f3n, predominan las motivaciones econ\u00f3micas. Est\u00e1 encabezada con el 40,0% \u201cque me alcance el sueldo para vivir\u201d; 29,5% \u201ctener estabilidad laboral\u201d; 10,4% \u201cque se haga justicia con la corrupci\u00f3n\u201d; 7,0% \u201csentirme protegido de la inseguridad\u201d; y 13,1% \u201cotro motivo\u201d.<\/p>\n<h6>Fuente: InfoCielo<\/h6>\n","protected":false},"excerpt":{"rendered":"<p>Un an\u00e1lisis de la consultora Synopsis revela las principales preocupaciones y expectativas de la opini\u00f3n p\u00fablica frente a los doce meses del Gobierno de Mauricio Macri. <\/p>\n","protected":false},"author":2,"featured_media":57639,"comment_status":"closed","ping_status":"closed","sticky":false,"template":"","format":"standard","meta":{"footnotes":""},"categories":[8],"tags":[21],"class_list":["post-57638","post","type-post","status-publish","format-standard","has-post-thumbnail","hentry","category-informe-nacional","tag-argentina"],"_links":{"self":[{"href":"http:\/\/argentinamunicipal.com.ar\/argentina\/wp-json\/wp\/v2\/posts\/57638","targetHints":{"allow":["GET"]}}],"collection":[{"href":"http:\/\/argentinamunicipal.com.ar\/argentina\/wp-json\/wp\/v2\/posts"}],"about":[{"href":"http:\/\/argentinamunicipal.com.ar\/argentina\/wp-json\/wp\/v2\/types\/post"}],"author":[{"embeddable":true,"href":"http:\/\/argentinamunicipal.com.ar\/argentina\/wp-json\/wp\/v2\/users\/2"}],"replies":[{"embeddable":true,"href":"http:\/\/argentinamunicipal.com.ar\/argentina\/wp-json\/wp\/v2\/comments?post=57638"}],"version-history":[{"count":0,"href":"http:\/\/argentinamunicipal.com.ar\/argentina\/wp-json\/wp\/v2\/posts\/57638\/revisions"}],"wp:featuredmedia":[{"embeddable":true,"href":"http:\/\/argentinamunicipal.com.ar\/argentina\/wp-json\/wp\/v2\/media\/57639"}],"wp:attachment":[{"href":"http:\/\/argentinamunicipal.com.ar\/argentina\/wp-json\/wp\/v2\/media?parent=57638"}],"wp:term":[{"taxonomy":"category","embeddable":true,"href":"http:\/\/argentinamunicipal.com.ar\/argentina\/wp-json\/wp\/v2\/categories?post=57638"},{"taxonomy":"post_tag","embeddable":true,"href":"http:\/\/argentinamunicipal.com.ar\/argentina\/wp-json\/wp\/v2\/tags?post=57638"}],"curies":[{"name":"wp","href":"https:\/\/api.w.org\/{rel}","templated":true}]}}