{"id":57686,"date":"2016-12-22T07:51:18","date_gmt":"2016-12-22T10:51:18","guid":{"rendered":"http:\/\/argentinamunicipal.com.ar\/argentina\/?p=57686"},"modified":"2016-12-22T07:51:18","modified_gmt":"2016-12-22T10:51:18","slug":"lifschitz-dijo-se-estan-ultimando-detalles-las-elecciones-2017-sean-conjuntas","status":"publish","type":"post","link":"http:\/\/argentinamunicipal.com.ar\/argentina\/lifschitz-dijo-se-estan-ultimando-detalles-las-elecciones-2017-sean-conjuntas\/","title":{"rendered":"Lifschitz dijo que \u00abse est\u00e1n ultimando detalles para que las elecciones 2017 sean conjuntas\u00bb"},"content":{"rendered":"<p>El gobernador de Santa Fe dijo que antes de fin de a\u00f1o firmar\u00e1 el decreto de convocatoria para los comicios del a\u00f1o venidero.<\/p>\n<p>Las elecciones unificadas en Santa Fe parecen ser un hecho concreto, luego de que gobernador Miguel Lifschitz confirmara hoy que antes de fin de a\u00f1o firmar\u00e1 el decreto de convocatoria a elecciones locales para 2017.<\/p>\n<p>\u00abEstamos ultimando algunos detalles con la justicia electoral federal para no tener ning\u00fan problema posteriormente. Son dos mecanismos (electorales) distintos. Ya en 2013 sucedi\u00f3 lo mismo y no hubo problemas\u00bb, dijo el titular de la Casa Gris en declaraciones a la prensa esta ma\u00f1ana.<\/p>\n<p>\u00abNosotros tenemos que mantener para las elecciones locales la boleta \u00fanica, incluso la ley provincial establece que \u00e9se es el \u00fanico sistema que puede utilizarse, y por otro lado, Naci\u00f3n tiene el sistema de boleta s\u00e1bana com\u00fan, pero esto es perfectamente compatible\u00bb.<\/p>\n<p>\u00abLa idea, en principio, es hacer elecciones conjuntas ya que en esa direcci\u00f3n se han manifestado la mayor\u00eda de los sectores pol\u00edticos. Y si bien hubo otras posturas, en t\u00e9rminos generales hay un consenso. M\u00e1s all\u00e1 de lo pol\u00edtico, hay una cuesti\u00f3n de practicidad para evitar la complejidad de cuatro elecciones. Creo, incluso, que hay un consenso en eso con el ciudadano com\u00fan, as\u00ed que estamos ultimando detalles para poder sacar el decreto\u00bb, ampli\u00f3 Lifschitz.<br \/>\nSi bien el gobernador plante\u00f3 que \u00abpodr\u00eda haber alg\u00fan inconveniente en la compatibilizaci\u00f3n de los sistemas\u00bb, tambi\u00e9n explic\u00f3 en declaraciones a El Litoral que \u00abestamos en conversaciones. Entre hoy y ma\u00f1ana hab\u00eda una reuni\u00f3n en Buenos Aires del ministro (Pablo) Far\u00edas por este tema, as\u00ed que si se resuelve favorablemente, vamos a avanzar en los pr\u00f3ximos d\u00edas. Nosotros tenemos que mantener para las elecciones locales la boleta \u00fanica, incluso la ley provincial establece que \u00e9se es el \u00fanico sistema que puede utilizarse, y por otro lado, Naci\u00f3n tiene el sistema de boleta s\u00e1bana com\u00fan, pero esto es perfectamente compatible. Ya lo hicimos en 2013 y espero que lo podamos hacer en esta oportunidad sin inconveniente\u00bb.<\/p>\n<h6>Fuente: Uno Santa Fe<\/h6>\n","protected":false},"excerpt":{"rendered":"<p>El gobernador de Santa Fe dijo que antes de fin de a\u00f1o firmar\u00e1 el decreto de convocatoria para los comicios del a\u00f1o venidero.<\/p>\n","protected":false},"author":2,"featured_media":57687,"comment_status":"closed","ping_status":"closed","sticky":false,"template":"","format":"standard","meta":{"footnotes":""},"categories":[65],"tags":[10],"class_list":["post-57686","post","type-post","status-publish","format-standard","has-post-thumbnail","hentry","category-provincias","tag-santa-fe"],"_links":{"self":[{"href":"http:\/\/argentinamunicipal.com.ar\/argentina\/wp-json\/wp\/v2\/posts\/57686","targetHints":{"allow":["GET"]}}],"collection":[{"href":"http:\/\/argentinamunicipal.com.ar\/argentina\/wp-json\/wp\/v2\/posts"}],"about":[{"href":"http:\/\/argentinamunicipal.com.ar\/argentina\/wp-json\/wp\/v2\/types\/post"}],"author":[{"embeddable":true,"href":"http:\/\/argentinamunicipal.com.ar\/argentina\/wp-json\/wp\/v2\/users\/2"}],"replies":[{"embeddable":true,"href":"http:\/\/argentinamunicipal.com.ar\/argentina\/wp-json\/wp\/v2\/comments?post=57686"}],"version-history":[{"count":0,"href":"http:\/\/argentinamunicipal.com.ar\/argentina\/wp-json\/wp\/v2\/posts\/57686\/revisions"}],"wp:featuredmedia":[{"embeddable":true,"href":"http:\/\/argentinamunicipal.com.ar\/argentina\/wp-json\/wp\/v2\/media\/57687"}],"wp:attachment":[{"href":"http:\/\/argentinamunicipal.com.ar\/argentina\/wp-json\/wp\/v2\/media?parent=57686"}],"wp:term":[{"taxonomy":"category","embeddable":true,"href":"http:\/\/argentinamunicipal.com.ar\/argentina\/wp-json\/wp\/v2\/categories?post=57686"},{"taxonomy":"post_tag","embeddable":true,"href":"http:\/\/argentinamunicipal.com.ar\/argentina\/wp-json\/wp\/v2\/tags?post=57686"}],"curies":[{"name":"wp","href":"https:\/\/api.w.org\/{rel}","templated":true}]}}