{"id":57713,"date":"2016-12-22T06:30:58","date_gmt":"2016-12-22T09:30:58","guid":{"rendered":"http:\/\/argentinamunicipal.com.ar\/argentina\/?p=57713"},"modified":"2016-12-22T08:35:31","modified_gmt":"2016-12-22T11:35:31","slug":"heladeras-calzados-los-sectores-mas-jaqueados-importaciones","status":"publish","type":"post","link":"http:\/\/argentinamunicipal.com.ar\/argentina\/heladeras-calzados-los-sectores-mas-jaqueados-importaciones\/","title":{"rendered":"Heladeras y calzados, los sectores m\u00e1s jaqueados por importaciones"},"content":{"rendered":"<p>El observatorio de comercio exterior creado por la provincia y Fisfe difundi\u00f3 el \u00faltimo informe del a\u00f1o. Fuerte ajuste de horas trabajadas<\/p>\n<p>El gobierno y la Federaci\u00f3n Industrial de Santa Fe (Fisfe) aseguraron que las f\u00e1bricas de heladera y calzados de la provincia fueron las que m\u00e1s sufrieron por la invasi\u00f3n de productos importados.\u2560Fue durante la presentaci\u00f3n del \u00faltimo informe del a\u00f1o del Observatorio de Importaciones.<\/p>\n<p>El Observatorio fue creado por el Ministerio de Producci\u00f3n de la provincia y Fisfe para monitorear, alertar y sugerir pol\u00edticas de administraci\u00f3n del comercio exterior. En el informe de diciembre, el Observatorio entreg\u00f3 datos sobre los rubros heladeras y calzados.<\/p>\n<p>En el primer caso, el documento asegur\u00f3 que, \u00abal comenzar el 2016, los fabricantes de heladeras ven\u00edan realizando inversiones para ampliar sus plantas y avanzar en un proceso de sustituci\u00f3n de importaciones\u00bb, pero ese objetivo qued\u00f3 trunco al cerrar la temporada con un 268 por ciento m\u00e1s de importaciones que en 2015 y con una ca\u00edda de ventas del 30 por ciento. El a\u00f1o pasado s\u00f3lo el 3 por ciento del mercado nacional estaba compuesto por heladeras del exterior, pero en la actualidad la cifra trep\u00f3 al 15 por ciento.<\/p>\n<p>En calzado, las ventas en Santa Fe cayeron un 35 por ciento y las importaciones subieron un 23 por ciento. Al 6 diciembre se contabiliz\u00f3 el ingreso de 23.150.553 pares del exterior.<\/p>\n<p>Otros sectores golpeados por las importaciones fueron la producci\u00f3n porcina, con un 243 por ciento de incremento interanual; bobinas de papel con un 40 por ciento; pollo trozado 860 por ciento y licuadoras 78 por ciento.<\/p>\n<p>El ministro de Producci\u00f3n de la provincia, Luis Contigiani, resalt\u00f3 la importancia del Observatorio, cuyos informes \u00abno s\u00f3lo fueron tenidos en cuenta por c\u00e1maras industriales para sus gestiones a nivel nacional\u00bb sino que sus recomendaciones sirvieron laborar las resoluciones nacionales de administraci\u00f3n del comercio exterior que se conocieron en las \u00faltimas semanas.<\/p>\n<p><strong>Procedimientos de crisis<\/strong><\/p>\n<p>\u00abTengamos en cuenta que durante todo el a\u00f1o, pese a la pol\u00edtica contrac\u00edclica que hemos aplicado a nivel provincial, hubo p\u00e9rdida de horas de trabajo\u00bb, advirti\u00f3, y se\u00f1al\u00f3 que hubo algo m\u00e1s de 150 procedimientos de crisis en la provincia. \u00abEn heladeras, p a nivel nacional se perdieron un mill\u00f3n y medio de horas con respecto al a\u00f1o pasado, hubo 300 mil heladeras menos fabricadas este a\u00f1o que en 2015\u00bb, dijo.<\/p>\n<p>\u25a0Contigiani fue acompa\u00f1ado por el presidente de la Asamblea de Peque\u00f1os y Medianos Empresarios (Apyme), Juan Jos\u00e9 Sisca; el secretario general de Luz y Fuerza, Alberto Botto, y el presidente de Fisfe, Guillermo Moretti. \u00abEl Observatorio nos permite evaluar c\u00f3mo estamos y defender la producci\u00f3n\u00bb, se\u00f1al\u00f3 el dirigente de la entidad fabril.\u2560<\/p>\n<p>\u25a0Sergio Buchara, coordinador t\u00e9cnico del Observatorio, se\u00f1al\u00f3 que el sector calzado perdi\u00f3, por baja en ventas y suba importaciones, 120 puestos laborales, el 10 por ciento del empleo registrado del sector en Santa Fe.<\/p>\n<p><strong>El empleo industrial profundiz\u00f3 su deterioro<\/strong><\/p>\n<p>El nivel de empleo en la industria profundiz\u00f3 su deterioro en el tercer trimestre de este a\u00f1o comparado con el mismo per\u00edodo del 2015, al caer 2,6 por ciento, y las horas trabajadas descendieron 3,9 por ciento, inform\u00f3 ayer el Instituto Nacional de Estad\u00edstica y Censos (Indec). Adem\u00e1s, los obreros industriales perdieron m\u00e1s de 10 puntos de poder adquisitivo en el \u00faltimo a\u00f1o, ya los salarios aumentaron en el tercer trimestre 31,4 por ciento en forma interanual contra una inflaci\u00f3n superior al 40 por ciento.\u2560<\/p>\n<p>El Indec indic\u00f3 que en el primer trimestre la ca\u00edda en el nivel de empleo fue 0,7 por ciento y en el segundo 1,6 por ciento. El Indice de Obreros Ocupados muestra que la cantidad de trabajadores ocupados cae en los primeros nueve meses un 1,6 por ciento. El Indice de Horas Trabajadas tambi\u00e9n cay\u00f3 2,2 por ciento .<\/p>\n<p>\u25a0El Centro de Estudios de Orlando Ferreres indic\u00f3 que la producci\u00f3n industrial volvi\u00f3 a caer en noviembre 1,4 por ciento pero fren\u00f3 el ritmo descendente.<\/p>\n<p><strong>Limones a EEUU<\/strong><\/p>\n<p>El gobierno de Estado Unidos finalmente permitir\u00e1 a partir del 2017 el ingreso de limones argentinos que cuenten con certificado fitosanitario, entre otros requisitos, una medida largamente esperada por los productores nacionales. La solicitud de acceso se hab\u00eda realizado en 2008 luego de que los limones argentinos estuvieran vedados desde de 2001.<\/p>\n<p><strong>El empleo industrial profundiz\u00f3 su deterioro<\/strong><\/p>\n<p>El nivel de empleo en la industria profundiz\u00f3 su deterioro en el tercer trimestre de este a\u00f1o comparado con el mismo per\u00edodo del 2015, al caer 2,6%, y las horas trabajadas descendieron 3,9%, inform\u00f3 ayer el Instituto Nacional de Estad\u00edstica y Censos (Indec). Adem\u00e1s, los obreros industriales perdieron m\u00e1s de 10 puntos de poder adquisitivo en el \u00faltimo a\u00f1o, ya los salarios aumentaron en el tercer trimestre 31,4% en forma interanual contra una inflaci\u00f3n superior al 40%.<\/p>\n<p>El Indec indic\u00f3 que en el primer trimestre la ca\u00edda en el nivel de empleo fue 0,7% y en el segundo 1,6%. El Indice de Obreros Ocupados muestra que la cantidad de trabajadores ocupados cae en los primeros nueve meses un 1,6%. El Indice de Horas Trabajadas tambi\u00e9n cay\u00f3 2,2% .<\/p>\n<p>\u25a0 El Centro de Estudios de Orlando Ferreres indic\u00f3 que la producci\u00f3n industrial volvi\u00f3 a caer en noviembre 1,4% pero fren\u00f3 el ritmo descendente.<\/p>\n<h6>Fuente: La Capital Rosario<\/h6>\n","protected":false},"excerpt":{"rendered":"<p>El observatorio de comercio exterior creado por la provincia y Fisfe difundi\u00f3 el \u00faltimo informe del a\u00f1o. Fuerte ajuste de horas trabajadas<\/p>\n","protected":false},"author":2,"featured_media":57714,"comment_status":"closed","ping_status":"closed","sticky":false,"template":"","format":"standard","meta":{"footnotes":""},"categories":[65],"tags":[10],"class_list":["post-57713","post","type-post","status-publish","format-standard","has-post-thumbnail","hentry","category-provincias","tag-santa-fe"],"_links":{"self":[{"href":"http:\/\/argentinamunicipal.com.ar\/argentina\/wp-json\/wp\/v2\/posts\/57713","targetHints":{"allow":["GET"]}}],"collection":[{"href":"http:\/\/argentinamunicipal.com.ar\/argentina\/wp-json\/wp\/v2\/posts"}],"about":[{"href":"http:\/\/argentinamunicipal.com.ar\/argentina\/wp-json\/wp\/v2\/types\/post"}],"author":[{"embeddable":true,"href":"http:\/\/argentinamunicipal.com.ar\/argentina\/wp-json\/wp\/v2\/users\/2"}],"replies":[{"embeddable":true,"href":"http:\/\/argentinamunicipal.com.ar\/argentina\/wp-json\/wp\/v2\/comments?post=57713"}],"version-history":[{"count":0,"href":"http:\/\/argentinamunicipal.com.ar\/argentina\/wp-json\/wp\/v2\/posts\/57713\/revisions"}],"wp:featuredmedia":[{"embeddable":true,"href":"http:\/\/argentinamunicipal.com.ar\/argentina\/wp-json\/wp\/v2\/media\/57714"}],"wp:attachment":[{"href":"http:\/\/argentinamunicipal.com.ar\/argentina\/wp-json\/wp\/v2\/media?parent=57713"}],"wp:term":[{"taxonomy":"category","embeddable":true,"href":"http:\/\/argentinamunicipal.com.ar\/argentina\/wp-json\/wp\/v2\/categories?post=57713"},{"taxonomy":"post_tag","embeddable":true,"href":"http:\/\/argentinamunicipal.com.ar\/argentina\/wp-json\/wp\/v2\/tags?post=57713"}],"curies":[{"name":"wp","href":"https:\/\/api.w.org\/{rel}","templated":true}]}}