{"id":57729,"date":"2016-12-23T06:52:07","date_gmt":"2016-12-23T09:52:07","guid":{"rendered":"http:\/\/argentinamunicipal.com.ar\/argentina\/?p=57729"},"modified":"2016-12-23T06:52:07","modified_gmt":"2016-12-23T09:52:07","slug":"las-investigaciones-no-se-haran-recorte-conicet","status":"publish","type":"post","link":"http:\/\/argentinamunicipal.com.ar\/argentina\/las-investigaciones-no-se-haran-recorte-conicet\/","title":{"rendered":"Las investigaciones que no se har\u00e1n por el recorte en Conicet"},"content":{"rendered":"<p>El simb\u00f3lico \u201clavado de platos\u201d en la \u201cfuente del perd\u00f3n\u201d con el que doctores, licenciados y otras personas protestaron ayer por los recortes en el Conicet permiti\u00f3 asomarse a algunas de las propuestas de investigaci\u00f3n que no se concretar\u00e1n porque los postulantes fueron rechazados.<\/p>\n<p>Como se ha publicado, de los 160 investigadores cordobeses que se postularon para entrar al Conicet ingresaron s\u00f3lo 48 en la \u00faltima convocatoria.<\/p>\n<p>Varios de los 112 restantes, casi todos ellos doctores, licenciados, con trabajos de posdoctorado en universidades extranjeras y publicaciones internacionales, fueron ayer a lavar los platos.<\/p>\n<p>Camila Niclis es licenciada en Nutrici\u00f3n y doctora en Ciencias de la Salud por la Universidad Nacional de C\u00f3rdoba. Como todos sus pares, calific\u00f3 en todos los requisitos y fue una de las postulantes recomendadas, sobre todo por sus trabajos en materia de \u201cpatrones alimentarios en diversos c\u00e1nceres\u201d. Ella hab\u00eda propuesto una investigaci\u00f3n sobre \u201calimentaci\u00f3n inflamatoria en relaci\u00f3n con enfermedades no transmisibles\u201d. Pero su postulaci\u00f3n fue rechazada. Lo mismo le pas\u00f3 a Gerardo Pisoni, ingeniero qu\u00edmico y doctor en Ciencias Qu\u00edmicas, quien se especializ\u00f3 en el \u00e1rea de la \u201ctermodin\u00e1mica de los procesos\u201d en el Polit\u00e9cnico de Tur\u00edn (Italia) y luego en las Universidades de Concepci\u00f3n de Chile y de Maring\u00e1 (Brasil).<\/p>\n<p>\u201cEn Brasil ten\u00eda trabajo estable pero mi padre enferm\u00f3 y tuve que regresar al pa\u00eds. Tengo ofertas del exterior, porque mi investigaci\u00f3n sobre la aplicaci\u00f3n de algoritmos y m\u00e9todos matem\u00e1ticos para modelar diferentes fen\u00f3menos de equilibrio entre fases tiene aplicaci\u00f3n en la industria del petr\u00f3leo, pero no puedo irme\u201d.<\/p>\n<p>Celeste Bianciotti es licenciada en Comunicaci\u00f3n Social, doctora en Ciencias Sociales y tiene una maestr\u00eda en G\u00e9nero por la Universidad de C\u00e1diz. Propuso una investigaci\u00f3n sobre g\u00e9nero y sexualidad en mujeres adultas mayores. \u201cUn tema urgente en un pa\u00eds que tiene alt\u00edsimos \u00edndices de violencia de g\u00e9nero\u201d, argument\u00f3. Pero tambi\u00e9n fue marginada.<\/p>\n<p>Fausto Comba es bioqu\u00edmico y doctor en Ciencias Qu\u00edmicas. Se dedica a estudiar y a desarrollar sensores que analizan par\u00e1metros bioqu\u00edmicos de inter\u00e9s para la salud. Tambi\u00e9n qued\u00f3 afuera.<\/p>\n<p><strong>Piden extender becas y una mesa de negociaci\u00f3n<\/strong><\/p>\n<p>Se trata de una contraoferta de investigadores autoconvocados.<\/p>\n<p>El Ministerio de Ciencia de la Naci\u00f3n analiza el pedido para que se extiendan las becas de Conicet hasta diciembre.<\/p>\n<p>Toma. Continu\u00f3 ayer la ocupaci\u00f3n de la sede de Conicet en C\u00f3rdoba, ubicada en Buenos Aires 1418.<\/p>\n<h6>Fuente: La Voz<\/h6>\n","protected":false},"excerpt":{"rendered":"<p>El simb\u00f3lico \u201clavado de platos\u201d en la \u201cfuente del perd\u00f3n\u201d con el que doctores, licenciados y otras personas protestaron ayer por los recortes en el Conicet permiti\u00f3 asomarse a algunas de las propuestas de investigaci\u00f3n que no se concretar\u00e1n porque los postulantes fueron rechazados.<\/p>\n","protected":false},"author":2,"featured_media":57730,"comment_status":"closed","ping_status":"closed","sticky":false,"template":"","format":"standard","meta":{"footnotes":""},"categories":[8],"tags":[21],"class_list":["post-57729","post","type-post","status-publish","format-standard","has-post-thumbnail","hentry","category-informe-nacional","tag-argentina"],"_links":{"self":[{"href":"http:\/\/argentinamunicipal.com.ar\/argentina\/wp-json\/wp\/v2\/posts\/57729","targetHints":{"allow":["GET"]}}],"collection":[{"href":"http:\/\/argentinamunicipal.com.ar\/argentina\/wp-json\/wp\/v2\/posts"}],"about":[{"href":"http:\/\/argentinamunicipal.com.ar\/argentina\/wp-json\/wp\/v2\/types\/post"}],"author":[{"embeddable":true,"href":"http:\/\/argentinamunicipal.com.ar\/argentina\/wp-json\/wp\/v2\/users\/2"}],"replies":[{"embeddable":true,"href":"http:\/\/argentinamunicipal.com.ar\/argentina\/wp-json\/wp\/v2\/comments?post=57729"}],"version-history":[{"count":0,"href":"http:\/\/argentinamunicipal.com.ar\/argentina\/wp-json\/wp\/v2\/posts\/57729\/revisions"}],"wp:featuredmedia":[{"embeddable":true,"href":"http:\/\/argentinamunicipal.com.ar\/argentina\/wp-json\/wp\/v2\/media\/57730"}],"wp:attachment":[{"href":"http:\/\/argentinamunicipal.com.ar\/argentina\/wp-json\/wp\/v2\/media?parent=57729"}],"wp:term":[{"taxonomy":"category","embeddable":true,"href":"http:\/\/argentinamunicipal.com.ar\/argentina\/wp-json\/wp\/v2\/categories?post=57729"},{"taxonomy":"post_tag","embeddable":true,"href":"http:\/\/argentinamunicipal.com.ar\/argentina\/wp-json\/wp\/v2\/tags?post=57729"}],"curies":[{"name":"wp","href":"https:\/\/api.w.org\/{rel}","templated":true}]}}