{"id":57735,"date":"2016-12-23T06:58:05","date_gmt":"2016-12-23T09:58:05","guid":{"rendered":"http:\/\/argentinamunicipal.com.ar\/argentina\/?p=57735"},"modified":"2016-12-23T06:58:05","modified_gmt":"2016-12-23T09:58:05","slug":"rosario-organizaciones-base-la-iglesia-advierten-la-dura-realidad-social-los-barrios","status":"publish","type":"post","link":"http:\/\/argentinamunicipal.com.ar\/argentina\/rosario-organizaciones-base-la-iglesia-advierten-la-dura-realidad-social-los-barrios\/","title":{"rendered":"Rosario: Organizaciones de base y la Iglesia advierten sobre la dura realidad social de los barrios"},"content":{"rendered":"<p>Se congregaron ayer y expresaron su preocupaci\u00f3n por la creciente vulnerabilidad econ\u00f3mica y la falta de programas<\/p>\n<p>Organizaciones sociales, sindicales y la pastoral de la Iglesia Cat\u00f3lica expresaron ayer su preocupaci\u00f3n por el rumbo econ\u00f3mico y social en el \u00faltimo a\u00f1o y describieron unas perspectivas sombr\u00edas para el a\u00f1o pr\u00f3ximo. Frente a esta situaci\u00f3n, acordaron avanzar en la reconstrucci\u00f3n de la \u00abmesa del di\u00e1logo social\u00bb para afrontar un panorama que entienden complejo en todo el territorio, pero sobre todo en los barrios.<\/p>\n<p>El encuentro se realiz\u00f3 en la sede de la Asociaci\u00f3n Bancaria (San Lorenzo 1383). Participaron el due\u00f1o de casa y referente del Movimiento Sindical Rosarino, Mat\u00edas Lay\u00fas; la CTA de los Argentinos, otros gremios como Empleados de Comercio, Prensa, movimientos y organizaciones sociales locales y directivos de la Arquidi\u00f3cesis de la Pastoral Social de Rosario.<\/p>\n<p>Varios referentes barriales resaltaron c\u00f3mo los problemas de empleo y retiro de distintos programas del territorio por parte del Estado empeoraron las condiciones de vida de la mayor\u00eda de los ciudadanos, con mayor intensidad en los estratos econ\u00f3micos m\u00e1s vulnerables. Y hasta el impacto que est\u00e1 teniendo la p\u00e9rdida de ingresos v\u00eda \u00abchangas\u00bb, por lo que muchas familias hoy s\u00f3lo est\u00e1n viviendo de la asignaci\u00f3n universal, aseguraron.<\/p>\n<p>Frente a esta situaci\u00f3n, referentes sociales, como Alejandra Fedele, del Movimiento Evita, relataron que en distintos barrios se organizaron en las \u00faltimas semanas, pac\u00edficamente, mediante \u00abnotas\u00bb, y acordaron con los supermercadistas m\u00e1s cercanos para pedirles bolsones de mercader\u00eda. Denunciaron que el compromiso de Naci\u00f3n de enviar cajas navide\u00f1as y la aprobada emergencia social no est\u00e1 llegando a Rosario. \u00abEstar\u00edan reci\u00e9n para fin de a\u00f1o\u00bb, recibieron como respuesta algunos militantes barriales que hablaron sobre las \u00aburgencias\u00bb de su llegada, para atemperar los \u00e1nimos que cada vez m\u00e1s complicados en algunos los puntos socialmente m\u00e1s vulnerables de la ciudad.<\/p>\n<p>\u00abHoy claramente la gente no llega a fin de mes, ya que hasta el trabajo informal ha bajado much\u00edsimo\u00bb, agreg\u00f3 Fedele.<\/p>\n<p><strong>Mayor asistencia<\/strong><\/p>\n<p>\u00abLo que se vio en las parroquias es que aument\u00f3 la cantidad de personas que piden alg\u00fan tipo de asistencia; y adem\u00e1s, personas que ten\u00edan su trabajo asegurado para varias semanas o meses, ahora tienen su horizonte de ocupaci\u00f3n cada vez mas corto\u00bb, describi\u00f3 Viviana Willie Billie, directora de la arquidi\u00f3cesis de la pastoral social de la Iglesia Cat\u00f3lica.<\/p>\n<p>En paralelo a este encuentro, otras organizaciones sociales de base protestaron con cortes de calle ayer en el centro de la ciudad en reclamo de asistencia social de cara a las pr\u00f3xima fiestas de fin de a\u00f1o.<\/p>\n<p>La idea de reflotar de manera m\u00e1s institucionalizada una mesa de di\u00e1logo social la sustentaron no s\u00f3lo por una situaci\u00f3n de mayor fragilidad actual sino, fundamentalmente, por las perspectivas para el pr\u00f3ximo a\u00f1o, para el cual ya est\u00e1n previstos nuevos incrementos de tarifas, y su impacto en los precios, y recortes presupuestarios en distintas \u00e1reas.<\/p>\n<p>Por todo ello es Lay\u00fas, secretario general de La Bancaria, se\u00f1al\u00f3 que \u00abla idea es volver a visibilizar y hacer un llamado de atenci\u00f3n a los gobiernos nacional, provincial y municipal con respecto no s\u00f3lo a la situaci\u00f3n del trabajo formal de los sindicatos que representamos, sino tambi\u00e9n a los sectores m\u00e1s vulnerables que est\u00e1n hoy representados por las organizaciones sociales\u00bb.<\/p>\n<p>Para Paulo Juncos, secretario general de la Confederaci\u00f3n de Trabajadores de la Argentina (CTA) Rosario, la pol\u00edtica de \u00abapertura indiscriminada\u00bb de la importaci\u00f3n viene afectando de \u00abforma muy grave\u00bb el empleo en la regi\u00f3n.<\/p>\n<p>Por eso, consider\u00f3, \u00abel balance del a\u00f1o para nosotros no tiene el mismo puntaje que se est\u00e1n poniendo los gobernantes en estos momentos\u00bb.<\/p>\n<p>La convocatoria a una institucionalizaci\u00f3n de una mesa de di\u00e1logo social apunta a resolver los problemas sociales \u00abde forma pac\u00edfica, y no como en aquellos d\u00edas\u00bb de 2001, agreg\u00f3.<\/p>\n<h6>Fuente: La Capital Rosario<\/h6>\n","protected":false},"excerpt":{"rendered":"<p>Se congregaron ayer y expresaron su preocupaci\u00f3n por la creciente vulnerabilidad econ\u00f3mica y la falta de programas<\/p>\n","protected":false},"author":2,"featured_media":57736,"comment_status":"closed","ping_status":"closed","sticky":false,"template":"","format":"standard","meta":{"footnotes":""},"categories":[2],"tags":[10],"class_list":["post-57735","post","type-post","status-publish","format-standard","has-post-thumbnail","hentry","category-informe-municipal","tag-santa-fe"],"_links":{"self":[{"href":"http:\/\/argentinamunicipal.com.ar\/argentina\/wp-json\/wp\/v2\/posts\/57735","targetHints":{"allow":["GET"]}}],"collection":[{"href":"http:\/\/argentinamunicipal.com.ar\/argentina\/wp-json\/wp\/v2\/posts"}],"about":[{"href":"http:\/\/argentinamunicipal.com.ar\/argentina\/wp-json\/wp\/v2\/types\/post"}],"author":[{"embeddable":true,"href":"http:\/\/argentinamunicipal.com.ar\/argentina\/wp-json\/wp\/v2\/users\/2"}],"replies":[{"embeddable":true,"href":"http:\/\/argentinamunicipal.com.ar\/argentina\/wp-json\/wp\/v2\/comments?post=57735"}],"version-history":[{"count":0,"href":"http:\/\/argentinamunicipal.com.ar\/argentina\/wp-json\/wp\/v2\/posts\/57735\/revisions"}],"wp:featuredmedia":[{"embeddable":true,"href":"http:\/\/argentinamunicipal.com.ar\/argentina\/wp-json\/wp\/v2\/media\/57736"}],"wp:attachment":[{"href":"http:\/\/argentinamunicipal.com.ar\/argentina\/wp-json\/wp\/v2\/media?parent=57735"}],"wp:term":[{"taxonomy":"category","embeddable":true,"href":"http:\/\/argentinamunicipal.com.ar\/argentina\/wp-json\/wp\/v2\/categories?post=57735"},{"taxonomy":"post_tag","embeddable":true,"href":"http:\/\/argentinamunicipal.com.ar\/argentina\/wp-json\/wp\/v2\/tags?post=57735"}],"curies":[{"name":"wp","href":"https:\/\/api.w.org\/{rel}","templated":true}]}}