{"id":57741,"date":"2016-12-23T07:06:24","date_gmt":"2016-12-23T10:06:24","guid":{"rendered":"http:\/\/argentinamunicipal.com.ar\/argentina\/?p=57741"},"modified":"2016-12-23T07:06:24","modified_gmt":"2016-12-23T10:06:24","slug":"celebra-por-adelantado","status":"publish","type":"post","link":"http:\/\/argentinamunicipal.com.ar\/argentina\/celebra-por-adelantado\/","title":{"rendered":"Celebra por adelantado"},"content":{"rendered":"<p>El titular del Central, Federico Sturzenegger, afirma que la inflaci\u00f3n est\u00e1 en su nivel m\u00e1s bajo de los \u00faltimos ocho a\u00f1os. Ajeno al problema de la fuga de capitales, seguir\u00e1 con la misma pol\u00edtica.<\/p>\n<p>El Central insiste que la inflaci\u00f3n viene bajando. El presidente del organismo, Federico Sturzenegger, afirm\u00f3 ayer que en el segundo semestre la suba mensual de los precios fue del 1,5 por ciento en promedio, la cifra m\u00e1s baja en los \u00faltimos 8 a\u00f1os. No explic\u00f3 que el 2,2 por ciento registrado en 2015 estuvo asociado con el impacto inflacionario de noviembre y diciembre pasado, por la expectativa de devaluaci\u00f3n tras la victoria en las elecciones de Mauricio Macri, y que hasta octubre los precios sub\u00edan a un ritmo casi id\u00e9ntico al actual.<\/p>\n<p>En un documento al que accedi\u00f3 este diario, la entidad se anim\u00f3 a afirmar, adem\u00e1s, que la Argentina logr\u00f3 disminuir el pass through (traslado a precios) de los ajustes sobre el tipo de cambio. Present\u00f3 un gr\u00e1fico que muestra que tanto la suba del d\u00f3lar asociada con el Brexit como con las elecciones de Estados Unidos no tuvieron repercusi\u00f3n sobre las remarcaciones del mercado interno. El gr\u00e1fico no registra que el tipo de cambio, con estos shocks externos, volvi\u00f3 a ubicarse en 16 pesos, cifra que ya hab\u00eda anotado a inicios de a\u00f1o y, por tanto, el traslado a precios ya se hab\u00eda efectuado en ese momento. \u201cLa experiencia de los a\u00f1os \u00b490 nos ense\u00f1\u00f3 que el tipo de cambio fijo no es el camino y por eso el Central mantendr\u00e1 su pol\u00edtica de un tipo de cambio flotante\u201d, insisti\u00f3 de todas formas el titular de la autoridad monetaria.<\/p>\n<p>P\u00e1ginaI12 le consult\u00f3 a Sturzenegger qu\u00e9 pas\u00f3 con los d\u00f3lares que ingresaron este a\u00f1o por deuda y blanqueo, que no alimentaron la actividad econ\u00f3mica ni tampoco permitieron fortalecer el nivel de reservas internacionales. S\u00f3lo 1 de cada 10 d\u00f3lares que entr\u00f3 por estos conceptos se embols\u00f3 en las reservas. El funcionario, sin dudarlo, dijo que hay que pensar que ahora participa el sector privado que puede comprar pero tambi\u00e9n vender divisas. Fue un eufemismo para explicar que los d\u00f3lares con lo que se endeud\u00f3 el pa\u00eds en los pr\u00f3ximos a\u00f1os s\u00f3lo sirvieron para financiar la fuga de capitales.<\/p>\n<p>Entre deuda y blanqueo hubo m\u00e1s de 80.000 millones de d\u00f3lares que no se usaron para mejorar la infraestructura, ni la matriz productiva, ni para sostener el ritmo de consumo en el mercado interno. No hubo inversi\u00f3n ni hubo demanda. Los sectores que crecieron se vincularon en gran parte al negocio financiero.<\/p>\n<p>El Central record\u00f3 ayer que en 2017 se modificar\u00e1 la tasa de pol\u00edtica monetaria. La entidad decidir\u00e1 el precio de la tasa de pases, mientras que la tasa de Lebacs empezar\u00e1 a ser definida por la oferta y demanda del mercado. En el organismo aseguraron que las entidades financieras, cuando necesiten liquidez, solicitar\u00e1n un pase a la autoridad monetaria y eso fijar\u00e1 la tasa techo para las Lebacs.<\/p>\n<p>Los bancos, en la pr\u00e1ctica, no tienen por costumbre solicitar esta clase de pr\u00e9stamos al Central, puesto que tras el estallido de la crisis de la convertibilidad un banco que pide estos recursos debe enfrentarse a un problema de reputaci\u00f3n ante el resto del sistema. Es por ello que la banca privada y p\u00fablica, al cierre del a\u00f1o, anota en sus balances 50.000 millones de pesos en pases ofrecidos al Central y s\u00f3lo 89 millones de pesos en pases pedidos al organismo.<\/p>\n<h6>Fuente: P\u00e1gina 12<\/h6>\n","protected":false},"excerpt":{"rendered":"<p>El titular del Central, Federico Sturzenegger, afirma que la inflaci\u00f3n est\u00e1 en su nivel m\u00e1s bajo de los \u00faltimos ocho a\u00f1os. Ajeno al problema de la fuga de capitales, seguir\u00e1 con la misma pol\u00edtica.<\/p>\n","protected":false},"author":2,"featured_media":57742,"comment_status":"closed","ping_status":"closed","sticky":false,"template":"","format":"standard","meta":{"footnotes":""},"categories":[8],"tags":[21],"class_list":["post-57741","post","type-post","status-publish","format-standard","has-post-thumbnail","hentry","category-informe-nacional","tag-argentina"],"_links":{"self":[{"href":"http:\/\/argentinamunicipal.com.ar\/argentina\/wp-json\/wp\/v2\/posts\/57741","targetHints":{"allow":["GET"]}}],"collection":[{"href":"http:\/\/argentinamunicipal.com.ar\/argentina\/wp-json\/wp\/v2\/posts"}],"about":[{"href":"http:\/\/argentinamunicipal.com.ar\/argentina\/wp-json\/wp\/v2\/types\/post"}],"author":[{"embeddable":true,"href":"http:\/\/argentinamunicipal.com.ar\/argentina\/wp-json\/wp\/v2\/users\/2"}],"replies":[{"embeddable":true,"href":"http:\/\/argentinamunicipal.com.ar\/argentina\/wp-json\/wp\/v2\/comments?post=57741"}],"version-history":[{"count":0,"href":"http:\/\/argentinamunicipal.com.ar\/argentina\/wp-json\/wp\/v2\/posts\/57741\/revisions"}],"wp:featuredmedia":[{"embeddable":true,"href":"http:\/\/argentinamunicipal.com.ar\/argentina\/wp-json\/wp\/v2\/media\/57742"}],"wp:attachment":[{"href":"http:\/\/argentinamunicipal.com.ar\/argentina\/wp-json\/wp\/v2\/media?parent=57741"}],"wp:term":[{"taxonomy":"category","embeddable":true,"href":"http:\/\/argentinamunicipal.com.ar\/argentina\/wp-json\/wp\/v2\/categories?post=57741"},{"taxonomy":"post_tag","embeddable":true,"href":"http:\/\/argentinamunicipal.com.ar\/argentina\/wp-json\/wp\/v2\/tags?post=57741"}],"curies":[{"name":"wp","href":"https:\/\/api.w.org\/{rel}","templated":true}]}}