{"id":57744,"date":"2016-12-23T07:10:51","date_gmt":"2016-12-23T10:10:51","guid":{"rendered":"http:\/\/argentinamunicipal.com.ar\/argentina\/?p=57744"},"modified":"2016-12-23T07:10:51","modified_gmt":"2016-12-23T10:10:51","slug":"paso-aerolineas-los-gremios-dicen-constantini-la-echaron","status":"publish","type":"post","link":"http:\/\/argentinamunicipal.com.ar\/argentina\/paso-aerolineas-los-gremios-dicen-constantini-la-echaron\/","title":{"rendered":"\u00bfQu\u00e9 pas\u00f3 en Aerol\u00edneas? Los gremios dicen que a Constantini \u201cla echaron\u201d"},"content":{"rendered":"<p>Lo afirm\u00f3 Pablo Bir\u00f3, de APLA. \u201cLe pidieron la renuncia, que es la forma de despedir a funcionarios pol\u00edticos\u201d, asegur\u00f3. \u00bfBusca el Gobierno \u201cvaciar\u201d a la aerol\u00ednea de bandera?<\/p>\n<p>La renuncia de Isela Constantini a la presidencia de Aerol\u00edneas Argentinas, supuestamente por \u201cmotivos personales\u201d no convence a los gremios aeron\u00e1uticos. Hoy, Pablo Bir\u00f3, Secretario General de la Asociaci\u00f3n de Pilotos de L\u00edneas A\u00e9reas fue tajante al asegurar que \u201cla echaron\u201d.<\/p>\n<p>\u201cLa tuvieron que desplazar o pedirle la renuncia. Le pidieron la renuncia, que es la forma de despedir a los funcionarios pol\u00edticos\u201d, dijo a Todo no se puede, en la ma\u00f1ana de FM Cielo. Los motivos que dio son m\u00e1s que preocupantes.<\/p>\n<p>Es que, seg\u00fan precis\u00f3, a Constantini el gobierno la convoc\u00f3 con la idea de \u201cachicar\u201d mediante programas de retiros voluntarios. \u201cTomamos conocimiento de que la nombraban por una reuni\u00f3n del PRO donde dijeron que ven\u00eda a achicar, a hacer un programa de retiros voluntarios, que General Motors le manten\u00eda el salario y el puesto por un a\u00f1o, con la promesa de ser CEO en China, y que, despu\u00e9s de que pague los costos pol\u00edticos, iban a dejar a la gente de Lopetegui\u201d, explic\u00f3.<\/p>\n<p>Seg\u00fan Bir\u00f3, la propia Constantini se sorprendi\u00f3 al escuchar de su boca el trascendido y le sali\u00f3 al cruce: \u201cMe dijo que no ven\u00eda a achicar la compa\u00f1\u00eda\u201d, afirm\u00f3. Por el contrario, narr\u00f3 Bir\u00f3, \u201cse fue encari\u00f1ando y termin\u00f3 diciendo que Aerol\u00edneas tiene potencialidad de funcionar mejor, crecer y salir a competir con trasnacionales\u201d.<\/p>\n<p>En ese punto, siempre seg\u00fan el gremialista, la posici\u00f3n de Constantini choc\u00f3 con las decisiones del Gobierno, que, dijo, fueron \u201crecortarle el presupuesto, darle beneficios a las trasnacionales, mediante competencia desleal y el otorgamiento de ventajas competitivas a sus principales competidores\u201d.<\/p>\n<p>Incluso desliz\u00f3 que la intenci\u00f3n del Gobierno de subsidiar aerol\u00edneas de bajo costo se inscribe en esa intenci\u00f3n. De cara al futuro, con la administraci\u00f3n de Dell\u2019Acqua, no se mostr\u00f3 optimista: \u201cSi le dejan 160 millones de d\u00f3lares al que viene, en lugar de los 400 que necesita, tampoco la va a poder gestionar\u201d, remarc\u00f3.<\/p>\n<h6>Fuente: InfoCielo<\/h6>\n","protected":false},"excerpt":{"rendered":"<p>Lo afirm\u00f3 Pablo Bir\u00f3, de APLA. \u201cLe pidieron la renuncia, que es la forma de despedir a funcionarios pol\u00edticos\u201d, asegur\u00f3. \u00bfBusca el Gobierno \u201cvaciar\u201d a la aerol\u00ednea de bandera?<\/p>\n","protected":false},"author":2,"featured_media":57745,"comment_status":"closed","ping_status":"closed","sticky":false,"template":"","format":"standard","meta":{"footnotes":""},"categories":[8],"tags":[21],"class_list":["post-57744","post","type-post","status-publish","format-standard","has-post-thumbnail","hentry","category-informe-nacional","tag-argentina"],"_links":{"self":[{"href":"http:\/\/argentinamunicipal.com.ar\/argentina\/wp-json\/wp\/v2\/posts\/57744","targetHints":{"allow":["GET"]}}],"collection":[{"href":"http:\/\/argentinamunicipal.com.ar\/argentina\/wp-json\/wp\/v2\/posts"}],"about":[{"href":"http:\/\/argentinamunicipal.com.ar\/argentina\/wp-json\/wp\/v2\/types\/post"}],"author":[{"embeddable":true,"href":"http:\/\/argentinamunicipal.com.ar\/argentina\/wp-json\/wp\/v2\/users\/2"}],"replies":[{"embeddable":true,"href":"http:\/\/argentinamunicipal.com.ar\/argentina\/wp-json\/wp\/v2\/comments?post=57744"}],"version-history":[{"count":0,"href":"http:\/\/argentinamunicipal.com.ar\/argentina\/wp-json\/wp\/v2\/posts\/57744\/revisions"}],"wp:featuredmedia":[{"embeddable":true,"href":"http:\/\/argentinamunicipal.com.ar\/argentina\/wp-json\/wp\/v2\/media\/57745"}],"wp:attachment":[{"href":"http:\/\/argentinamunicipal.com.ar\/argentina\/wp-json\/wp\/v2\/media?parent=57744"}],"wp:term":[{"taxonomy":"category","embeddable":true,"href":"http:\/\/argentinamunicipal.com.ar\/argentina\/wp-json\/wp\/v2\/categories?post=57744"},{"taxonomy":"post_tag","embeddable":true,"href":"http:\/\/argentinamunicipal.com.ar\/argentina\/wp-json\/wp\/v2\/tags?post=57744"}],"curies":[{"name":"wp","href":"https:\/\/api.w.org\/{rel}","templated":true}]}}