{"id":57778,"date":"2016-12-27T06:50:39","date_gmt":"2016-12-27T09:50:39","guid":{"rendered":"http:\/\/argentinamunicipal.com.ar\/argentina\/?p=57778"},"modified":"2016-12-27T06:50:39","modified_gmt":"2016-12-27T09:50:39","slug":"emprendedores-santafesinos-recibieron-creditos","status":"publish","type":"post","link":"http:\/\/argentinamunicipal.com.ar\/argentina\/emprendedores-santafesinos-recibieron-creditos\/","title":{"rendered":"Emprendedores\u00a0santafesinos recibieron cr\u00e9ditos"},"content":{"rendered":"<p>Este lunes, 18 productores locales recibieron microcr\u00e9ditos por un monto total superior a $ 100 mil, que les permitir\u00e1 adquirir herramientas y equipamiento para sus proyectos.<\/p>\n<p>Emprendedores santafesinos recibieron este lunes por la tarde aportes econ\u00f3micos y certificados de formaci\u00f3n en un acto que se desarroll\u00f3 en la sede del Centro de Emprendedores de la Econom\u00eda Social (CEES). Durante la ceremonia, se hizo entrega 18 microcr\u00e9ditos del Banco Solidario por un monto total de $ 108 mil con los cuales podr\u00e1n adquirirse materias primas y herramientas. Adem\u00e1s, se otorgaron 175 certificados a productores locales e integrantes de cinco cooperativas recientemente constituidas al haber participado de una serie de cursos de formaci\u00f3n a lo largo de los \u00faltimos meses de este a\u00f1o.<\/p>\n<p>Cabe se\u00f1alar que, desde sus comienzos, en el CEES se puede acceder a capacitaciones al igual que a la inscripci\u00f3n al Registro de Emprendedores Productores Locales (REPLo). Tambi\u00e9n, se brinda asesoramiento, financiamiento y canales de comercializaci\u00f3n. Adem\u00e1s de los Cursos de Formaci\u00f3n Integral que se llevan a cabo todos los a\u00f1os, se realizaron durante 2016 otros talleres espec\u00edficos que contaron con gran asistencia. Entre ellos, se destacan el titulado Del objeto al producto; Bordado a mano aplicado al dise\u00f1o; Identidad Visual; Formas Jur\u00eddicas para organizar tu emprendimiento y Registro de Marcas; Herramientas de Calidad Total; Redes Sociales: Planificaci\u00f3n y Gesti\u00f3n de la Comunicaci\u00f3n; Costo \u00a0y Gesti\u00f3n de Productos; Te\u00f1idos y estampados textiles; y Curso de Fortalecimiento a Cooperativas de Trabajo Recientemente Constituidas de la Ciudad de Santa Fe.<\/p>\n<p>Encabezaron el acto la directora del programa Escuelas de Trabajo del Gobierno de la Ciudad, Cecilia Battistutti; el secretario de Extensi\u00f3n Universitaria de la Universidad Nacional del Litoral, Gustavo Men\u00e9ndez; y el director de la Secretar\u00eda de Desarrollo Territorial y Econom\u00eda Social del Ministerio de la Producci\u00f3n, Mauro Casella. Estuvieron presentes adem\u00e1s el diputado provincial Paco Garibaldi; el secretario de Gobierno de la Provincia, Mariano Cuvertino; y el Gerente de Empleo Regional Santa Fe del Ministerio de Trabajo, Empleo y Seguridad Social de la Naci\u00f3n, Javier Fern\u00e1ndez.<\/p>\n<p><strong>Espacio que crece<\/strong><\/p>\n<p>Al tomar la palabra, Cecilia Battistutti afirm\u00f3 que \u00abterminamos un a\u00f1o positivo desde el CEES, espacio que sin los emprendedores no tendr\u00eda sentido. En este lugar se evidencia que a trav\u00e9s del sostenimiento de una pol\u00edtica p\u00fablica y de la articulaci\u00f3n de los distintos niveles del Estado, se pueden hacer grandes cosas\u00bb, asegur\u00f3. Adem\u00e1s, la funcionaria municipal hizo un repaso de lo realizado con los emprendedores durante 2016: \u00abFue un a\u00f1o en el que se generaron m\u00e1s de 60 espacios de comercializaci\u00f3n, como la Feria Navide\u00f1a de Emprendedores en Plaza Escalante, que se instalar\u00e1 como una marca para ser apropiada\u00bb y cont\u00f3 que \u00abla tienda virtual del CEES, que ya est\u00e1 en marcha, avanzar\u00e1 en una segunda etapa para facilitar la comercializaci\u00f3n de los productos a partir de la tienda y no solo como cat\u00e1logo\u00bb, explic\u00f3. A su vez, record\u00f3 que este a\u00f1o \u00abse entregaron 40 microcr\u00e9ditos\u00bb y que desde 2017 se trabajar\u00e1 con nuevas \u00abherramientas de financiamiento con el gobierno nacional\u00bb, para la compra de equipamiento y herramientas por parte de los emprendedores. Adem\u00e1s de Cursos de Formaci\u00f3n Integral que se dictan para el ingreso al Banco Solidario, \u00abse sum\u00f3 una planta de docentes para promover en formaciones espec\u00edficas para mejorar los productos. El a\u00f1o pr\u00f3ximo vamos a seguir con estos cursos intensivos y cortos que buscar agregar valor a lo que hacen\u00bb, cerr\u00f3 Battistutti.<\/p>\n<p>Por su parte, Cecilia Charaviglio y Evelyn Garau, que realizaci\u00f3n el Curso de Formaci\u00f3n Inicial, al dirigirse a los presentes, coincidieron en que participar del CEES ha sido \u00abuna muy linda experiencia porque permite compartir los cursos y asistir a las ferias\u00bb y valoraron que \u00abel apoyo, acompa\u00f1amiento, sost\u00e9n y contacto que brindan todas las personas que trabajan en el Centro de Emprendedores. Estamos muy agradecidas por todo lo que hacen por nosotros\u00bb.<\/p>\n<p><strong>Apostar a la solidaridad<\/strong><\/p>\n<p>\u00abCuando pensamos el CEES, hace ya casi seis a\u00f1os, era todo un desaf\u00edo empezar a trabajar con emprendedores y hoy es una realidad\u00bb, record\u00f3 Mauro Casella y consider\u00f3 que \u00abhay que seguir subiendo la apuesta, por eso trabajamos con cooperativas\u00bb, ejemplific\u00f3. Asimismo, el funcionario provincial valor\u00f3 que el Centro de Emprendedores \u00abapuesta a que puedan conformarse grupos, puedan encontrarse y a partir de ah\u00ed generar soluciones para el desarrollo de cada uno de sus emprendimientos. Esto es importante porque genera lazos, comunidad, que es uno de los valores principales que queremos fomentar: la solidaridad como parte de un entramado que permite generar mucho m\u00e1s que la posibilidad del desarrollo econ\u00f3mico\u00bb. Desde este espacio \u00abapostamos al empleo, al trabajo autogestivo y al trabajo asociado. Por eso vamos a seguir trabajando junto a los emprendedores, al Gobierno de la Ciudad y a la Universidad, aportando recursos, coordinaci\u00f3n y capacitaci\u00f3n t\u00e9cnica, adem\u00e1s de espacios para el desarrollo de los emprendedores\u00bb, finaliz\u00f3.<\/p>\n<p><strong>Proyecto in\u00e9dito<\/strong><\/p>\n<p>\u00abEl CEES es un proyecto in\u00e9dito\u00bb, asever\u00f3 Gustavo Men\u00e9ndez y se explay\u00f3: \u00abUno mira permanentemente, recorre distintas provincias y no se ha encontrado un proyecto de estas caracter\u00edsticas, donde confluyan pol\u00edticas asociadas entre la Provincia, el Municipio y la Universidad, que se ha logrado mantener durante todos estos a\u00f1os. Ha ido creciendo en propuestas y, fundamentalmente, gracias al trabajo y al esfuerzo diario de los emprendedores\u00bb.<\/p>\n<p>Igualmente, en su discurso dio cuenta del Programa Econom\u00eda Social y Solidaria que promueve la alta casa de estudios, a trav\u00e9s del que se brindan cursos, talleres, seminarios y acompa\u00f1ando en tutor\u00edas a emprendimientos. Adem\u00e1s, Men\u00e9ndez anunci\u00f3 que el pr\u00f3ximo a\u00f1o \u00abestar\u00e1 operativa una nueva vidriera virtual, plataforma para presentar los distintos productos\u00bb, y que adem\u00e1s se lanzar\u00e1 un Manual para Emprendedores.<\/p>\n<h6>\nFuente: Sin Mordaza<\/h6>\n","protected":false},"excerpt":{"rendered":"<p>Este lunes, 18 productores locales recibieron microcr\u00e9ditos por un monto total superior a $ 100 mil, que les permitir\u00e1 adquirir herramientas y equipamiento para sus proyectos.<\/p>\n","protected":false},"author":2,"featured_media":57779,"comment_status":"closed","ping_status":"closed","sticky":false,"template":"","format":"standard","meta":{"footnotes":""},"categories":[2],"tags":[10],"class_list":["post-57778","post","type-post","status-publish","format-standard","has-post-thumbnail","hentry","category-informe-municipal","tag-santa-fe"],"_links":{"self":[{"href":"http:\/\/argentinamunicipal.com.ar\/argentina\/wp-json\/wp\/v2\/posts\/57778","targetHints":{"allow":["GET"]}}],"collection":[{"href":"http:\/\/argentinamunicipal.com.ar\/argentina\/wp-json\/wp\/v2\/posts"}],"about":[{"href":"http:\/\/argentinamunicipal.com.ar\/argentina\/wp-json\/wp\/v2\/types\/post"}],"author":[{"embeddable":true,"href":"http:\/\/argentinamunicipal.com.ar\/argentina\/wp-json\/wp\/v2\/users\/2"}],"replies":[{"embeddable":true,"href":"http:\/\/argentinamunicipal.com.ar\/argentina\/wp-json\/wp\/v2\/comments?post=57778"}],"version-history":[{"count":0,"href":"http:\/\/argentinamunicipal.com.ar\/argentina\/wp-json\/wp\/v2\/posts\/57778\/revisions"}],"wp:featuredmedia":[{"embeddable":true,"href":"http:\/\/argentinamunicipal.com.ar\/argentina\/wp-json\/wp\/v2\/media\/57779"}],"wp:attachment":[{"href":"http:\/\/argentinamunicipal.com.ar\/argentina\/wp-json\/wp\/v2\/media?parent=57778"}],"wp:term":[{"taxonomy":"category","embeddable":true,"href":"http:\/\/argentinamunicipal.com.ar\/argentina\/wp-json\/wp\/v2\/categories?post=57778"},{"taxonomy":"post_tag","embeddable":true,"href":"http:\/\/argentinamunicipal.com.ar\/argentina\/wp-json\/wp\/v2\/tags?post=57778"}],"curies":[{"name":"wp","href":"https:\/\/api.w.org\/{rel}","templated":true}]}}