{"id":57784,"date":"2016-12-27T07:13:54","date_gmt":"2016-12-27T10:13:54","guid":{"rendered":"http:\/\/argentinamunicipal.com.ar\/argentina\/?p=57784"},"modified":"2016-12-27T07:13:54","modified_gmt":"2016-12-27T10:13:54","slug":"equipo-comienza-resquebrajarse","status":"publish","type":"post","link":"http:\/\/argentinamunicipal.com.ar\/argentina\/equipo-comienza-resquebrajarse\/","title":{"rendered":"Un equipo que comienza a resquebrajarse"},"content":{"rendered":"<p>El primer cambio en el gabinete de Macri fue el resultado de una extensa disputa de poder que manten\u00eda el funcionario con los responsables del dise\u00f1o de las pol\u00edticas en la Casa Rosada. El ministerio se divide y lo reemplazan Dujovne y Caputo.<\/p>\n<p>Alfonso Prat-Gay dejar\u00e1 de ser el ministro de Hacienda y Finanzas. Art\u00edfice de la devaluaci\u00f3n y el desmantelamiento de las regulaciones cambiarias, el pago a los fondos buitre y la reinserci\u00f3n plena del pa\u00eds en la l\u00f3gica del sistema financiero internacional, Prat-Gay estaba desplazado del centro de la escena econ\u00f3mica. Sin embargo no fue la recesi\u00f3n, la aceleraci\u00f3n inflacionaria o la ausencia de inversiones extranjeras las responsables de su salida. El primer cambio en el gabinete del presidente Mauricio Macri fue el resultado de una extensa disputa de poder que manten\u00eda el funcionario con los responsables del dise\u00f1o y supervisi\u00f3n de las pol\u00edticas en la Casa Rosada. La novedad fue comunicada de manera oficial ayer por la ma\u00f1ana por el jefe de Gabinete, Marcos Pe\u00f1a, mientras Prat-Gay viajaba hacia Villa La Angostura para reunirse con el Presidente que se encuentra de vacaciones.<\/p>\n<p>El ministro coordinador enfatiz\u00f3 que Mauricio Macri le pidi\u00f3 al ex JP Morgan, ex banquero central y ex diputado por la Coalici\u00f3n C\u00edvica que renuncie por diferencias pol\u00edticas. Cuando abandone definitivamente el cargo la pr\u00f3xima semana, sus funciones ser\u00e1n repartidas entre dos nuevos ministerios. En Hacienda desembarcar\u00e1 el economista Nicol\u00e1s Dujovne con el objetivo excluyente de avanzar en la reducci\u00f3n el d\u00e9ficit fiscal y a cargo de Finanzas ser\u00e1 ascendido el actual secretario del \u00e1rea Luis Caputo, quien continuar\u00e1 al frente de la colocaci\u00f3n de deuda externa (ver Pasi\u00f3n por la deuda).<\/p>\n<p>Desde la Casa Rosada aseguraron que el desplazamiento de Prat-Gay no se vincula a la ausencia de resultados en materia econ\u00f3mica sino a \u201cdiferencias pol\u00edticas\u201d, aunque el funcionario todav\u00eda no dio su versi\u00f3n de los hechos. Al momento de comunicar la salida del ministro, Pe\u00f1a destac\u00f3 que durante su gesti\u00f3n \u201cse lograron grandes cosas, como la salida del cepo, la normalizaci\u00f3n de las relaciones internacionales, la salida del default, mejorar el Impuesto a las Ganancias y el sinceramiento fiscal\u201d.<\/p>\n<p>El desplazamiento del autor de definiciones como \u201cla grasa de la militancia\u201d, \u201clos sindicatos van a tener que elegir entre empleo y salarios\u201d, \u201cel trabajo sucio est\u00e1 hecho\u201d, \u201cel aumento en la factura de luz equivale a dos pizzas\u201d o el pedido de disculpas a los empresarios espa\u00f1oles, no representa un giro en la pol\u00edtica econ\u00f3mica sino la profundizaci\u00f3n del ajuste en el frente fiscal.<\/p>\n<p>Ese proceso estar\u00e1 a cargo de Dujovne. Tras un breve paso por la administraci\u00f3n p\u00fablica durante el primer tramo del gobierno de la Alianza donde lleg\u00f3 vinculado al radicalismo, el flamante ministro se desempe\u00f1o durante diez a\u00f1os en el Banco Galicia. Finalizada esa etapa en 2011, comenz\u00f3 a ofrecer servicios de consultor\u00eda asociado a su esposa y devino en un medi\u00e1tico analista econ\u00f3mico. Con 49 a\u00f1os es columnista en La Naci\u00f3n y co-conductor de un programa semanal en TN. Antes de la victoria electoral de Cambiemos, el economista estuvo m\u00e1s de un a\u00f1o al frente del \u201cequipo fiscal\u201d de la Fundaci\u00f3n Pensar donde conoci\u00f3 a los actuales vicejefes de Gabinete, Mario Quintana y Gustavo Lopetegui.<\/p>\n<p>Sin peso pol\u00edtico propio, el economista estar\u00e1 subordinado a esa dupla de funcionarios con quienes buscar\u00e1 \u201cequilibrar el frente fiscal\u201d. Enrolado en la visi\u00f3n dominante de la econom\u00eda donde la pol\u00edtica fiscal se subordina a la regla antiinflacionaria seguida por el Banco Central, Dujovne propone impulsar leyes de responsabilidad fiscal que restrinjan la expansi\u00f3n del gasto p\u00fablico, recurrir al Fondo Monetario, cuestiona la expansi\u00f3n del empleo en el sector p\u00fablico, propone eliminar impuestos y bajar los aportes y contribuciones a la seguridad social. Desde esa perspectiva, la reducci\u00f3n del d\u00e9ficit y la minimizaci\u00f3n de la intervenci\u00f3n estatal son claves para bajar la inflaci\u00f3n e impulsar la inversi\u00f3n privada. La historia argentina evidencia que una pol\u00edtica fiscal gobernada con esos dogmas ortodoxos no s\u00f3lo no promueve el crecimiento econ\u00f3mico y la creaci\u00f3n de puestos de trabajo sino que agudiza los escenarios recesivos.<\/p>\n<p>La relaci\u00f3n entre Prat-Gay y la Casa Rosada se tens\u00f3 el \u00faltimo mes con el fracaso de su proyecto de modificaci\u00f3n del Impuesto a las Ganancias. El quiebre con el ministro fue sorpresivo, pero no implic\u00f3 la salida de todo su equipo. El secretario de Finanzas, Luis Caputo, con quien co-protagoniz\u00f3 las negociaciones con los fondos buitre fue promovido a ministro y ayer se reuni\u00f3 con Macri. Junto con las elevadas tasas de inter\u00e9s que contin\u00faa pagando el pa\u00eds, el ex Deustsche Bank y titular de la firma Axis es un engranaje fundamental en el regreso a los mercados. Desde que comenz\u00f3 la presidencia de Macri, el gobierno nacional, las provincias y grandes empresas colocaron bonos en moneda extranjera por 48.772 millones de d\u00f3lares. A pesar de las habilidades de banqueros como Caputo para lograr la reinserci\u00f3n plena del pa\u00eds en el sistema financiero internacional, los resultados macroecon\u00f3micos no fueron los esperados.<\/p>\n<h6>Fuente: P\u00e1gina 12<\/h6>\n","protected":false},"excerpt":{"rendered":"<p>El primer cambio en el gabinete de Macri fue el resultado de una extensa disputa de poder que manten\u00eda el funcionario con los responsables del dise\u00f1o de las pol\u00edticas en la Casa Rosada. <\/p>\n","protected":false},"author":2,"featured_media":57785,"comment_status":"closed","ping_status":"closed","sticky":false,"template":"","format":"standard","meta":{"footnotes":""},"categories":[8],"tags":[21],"class_list":["post-57784","post","type-post","status-publish","format-standard","has-post-thumbnail","hentry","category-informe-nacional","tag-argentina"],"_links":{"self":[{"href":"http:\/\/argentinamunicipal.com.ar\/argentina\/wp-json\/wp\/v2\/posts\/57784","targetHints":{"allow":["GET"]}}],"collection":[{"href":"http:\/\/argentinamunicipal.com.ar\/argentina\/wp-json\/wp\/v2\/posts"}],"about":[{"href":"http:\/\/argentinamunicipal.com.ar\/argentina\/wp-json\/wp\/v2\/types\/post"}],"author":[{"embeddable":true,"href":"http:\/\/argentinamunicipal.com.ar\/argentina\/wp-json\/wp\/v2\/users\/2"}],"replies":[{"embeddable":true,"href":"http:\/\/argentinamunicipal.com.ar\/argentina\/wp-json\/wp\/v2\/comments?post=57784"}],"version-history":[{"count":0,"href":"http:\/\/argentinamunicipal.com.ar\/argentina\/wp-json\/wp\/v2\/posts\/57784\/revisions"}],"wp:featuredmedia":[{"embeddable":true,"href":"http:\/\/argentinamunicipal.com.ar\/argentina\/wp-json\/wp\/v2\/media\/57785"}],"wp:attachment":[{"href":"http:\/\/argentinamunicipal.com.ar\/argentina\/wp-json\/wp\/v2\/media?parent=57784"}],"wp:term":[{"taxonomy":"category","embeddable":true,"href":"http:\/\/argentinamunicipal.com.ar\/argentina\/wp-json\/wp\/v2\/categories?post=57784"},{"taxonomy":"post_tag","embeddable":true,"href":"http:\/\/argentinamunicipal.com.ar\/argentina\/wp-json\/wp\/v2\/tags?post=57784"}],"curies":[{"name":"wp","href":"https:\/\/api.w.org\/{rel}","templated":true}]}}