{"id":587,"date":"2014-02-11T12:29:17","date_gmt":"2014-02-11T15:29:17","guid":{"rendered":"http:\/\/argentinamunicipal.com.ar\/argentina\/?p=587"},"modified":"2014-02-11T12:29:17","modified_gmt":"2014-02-11T15:29:17","slug":"buscan-que-rosario-y-santa-fe-se-sumen-al-fondo-de-obras-menores","status":"publish","type":"post","link":"http:\/\/argentinamunicipal.com.ar\/argentina\/buscan-que-rosario-y-santa-fe-se-sumen-al-fondo-de-obras-menores\/","title":{"rendered":"Buscan que Rosario y Santa Fe se sumen al Fondo de Obras Menores"},"content":{"rendered":"<div id=\"attachment_588\" style=\"width: 631px\" class=\"wp-caption aligncenter\"><a href=\"http:\/\/argentinamunicipal.com.ar\/argentina\/wp-content\/uploads\/2014\/02\/02-11-C901.jpg_88717827.jpg\"><img loading=\"lazy\" decoding=\"async\" aria-describedby=\"caption-attachment-588\" class=\"size-full wp-image-588\" alt=\"Rosario hab\u00eda lanzado un fuerte reclamo por su exclusi\u00f3n de la ley de obras menores.\" src=\"http:\/\/argentinamunicipal.com.ar\/argentina\/wp-content\/uploads\/2014\/02\/02-11-C901.jpg_88717827.jpg\" width=\"621\" height=\"465\" srcset=\"http:\/\/argentinamunicipal.com.ar\/argentina\/wp-content\/uploads\/2014\/02\/02-11-C901.jpg_88717827.jpg 621w, http:\/\/argentinamunicipal.com.ar\/argentina\/wp-content\/uploads\/2014\/02\/02-11-C901.jpg_88717827-300x224.jpg 300w\" sizes=\"auto, (max-width: 621px) 100vw, 621px\" \/><\/a><p id=\"caption-attachment-588\" class=\"wp-caption-text\">Rosario hab\u00eda lanzado un fuerte reclamo por su exclusi\u00f3n de la ley de obras menores.<\/p><\/div>\n<p>La propuesta del Ejecutivo provincial ser\u00e1 enviada a la Legislatura para su tratamiento durante el per\u00edodo de sesiones ordinarias.<\/p>\n<p>El gobierno provincial envi\u00f3 a la Legislatura un proyecto destinado a la ampliaci\u00f3n en la distribuci\u00f3n del Fondo de Obras Menores para su tratamiento en sesiones extraordinarias, las que se extender\u00e1n hasta el 1\u00ba de mayo. El objetivo es incorporar a las ciudades de Rosario y Santa Fe en la distribuci\u00f3n, cuya diferencia ser\u00e1 aportada por el tesoro provincial.<\/p>\n<p>\u00abEl Fondo de Obras Menores se constituy\u00f3 por ley provincial para compensar lo que Rosario y Santa Fe recib\u00edan en concepto del Fondo del Conurbano\u00bb, record\u00f3 el ministro de Gobierno provincial, Rub\u00e9n Galassi.<\/p>\n<p>\u00abPero en los \u00faltimos diez a\u00f1os, aproximadamente, el Fondo del Conurbano se mantuvo en una suma fija de alrededor de 30 millones de pesos, mientras que el de Obras Menores, que inicialmente era de 20 millone, el a\u00f1o pasado super\u00f3 los 250 millones\u00bb, precis\u00f3.<\/p>\n<p>En ese sentido, Galassi resalt\u00f3 que, \u00abpara enmendar la situaci\u00f3n de inequidad con estas dos ciudades, y manteniendo los mismos criterios de distribuci\u00f3n que tiene el Fondo de Obras Menores, se decidi\u00f3 agregar recursos por parte del Estado provincial para que se puedan incluir esas dos ciudades\u00bb.<\/p>\n<p>De ese modo, el ministro de Gobierno explic\u00f3: \u00abSe computa lo que reciben por el Fondo de Conurbano las ciudades con mayor cantidad de habitantes, que son Santa Fe y Rosario, y la diferencia que resulta la pone el tesoro provincial. Con lo cual, lo que tienen previsto recibir en 2014 y 2015 el resto de las ciudades de segunda categor\u00eda y las comunas no ser\u00e1 modificado\u00bb.<\/p>\n<p>Adem\u00e1s, el proyecto contempla \u00abotras cuestiones, como establecer un porcentaje fijo (de 25 por ciento) para gastos corrientes, que son los de libre disponibilidad, y tambi\u00e9n un mecanismo de anticipo financiero en la medida en que, tanto los municipios y comunas, planteen el proyecto, de acuerdo a las exigencias que ya tiene la ley (autorizaci\u00f3n de los concejos municipales y\/o participaci\u00f3n de las minor\u00edas en las comunas), con el objetivo de que no sea una decisi\u00f3n arbitraria sino una obra consensuada en cada una de las localidades\u00bb, a\u00f1adi\u00f3 Galassi.<\/p>\n<h2>El eje del debate<\/h2>\n<p>Consultado sobre los reclamos de la automaticidad, el titular de Gobierno se\u00f1al\u00f3 que, \u00abimpl\u00edcitamente, apuntan a cambiar la ley de coparticipaci\u00f3n\u00bb.<\/p>\n<p>Adem\u00e1s, el funcionario insisti\u00f3: \u00abLa ley de obras menores implica presentar un proyecto, que sea discutido y tenga un objetivo. Si queremos volver a la automaticidad, estamos desviando debate\u00bb.<\/p>\n<p>Desde fines de 2007, el Fondo para la Construcci\u00f3n de Obras y Adquisici\u00f3n de Equipamiento y Rodados, ,m\u00e1s conocido como de Obras Menores, se\u00a0compone del uno por ciento del presupuesto, calculado sobre la base de los recursos correspondientes al a\u00f1o anterior.<\/p>\n<p>El mismo se distribuye en base a un coeficiente que se aplica a todas las localidades.<\/p>\n<p>Antes, el fondo estaba compuesto de un monto fijo y su distribuci\u00f3n no era equilibrada.<\/p>\n<p>Ese fondo est\u00e1 destinado a los municipios de segunda (todos a excepci\u00f3n de Santa Fe y Rosario) y las comunas de la provincia.<\/p>\n<pre>Fuente: La Capital de Rosario<\/pre>\n","protected":false},"excerpt":{"rendered":"<p>La propuesta del Ejecutivo provincial ser\u00e1 enviada a la Legislatura para su tratamiento durante el per\u00edodo de sesiones ordinarias. El gobierno provincial envi\u00f3 a la Legislatura un proyecto destinado a la ampliaci\u00f3n en la distribuci\u00f3n del Fondo de Obras Menores para su tratamiento en sesiones extraordinarias, las que se extender\u00e1n hasta el 1\u00ba de mayo.<\/p>\n","protected":false},"author":1,"featured_media":588,"comment_status":"closed","ping_status":"closed","sticky":false,"template":"","format":"standard","meta":{"footnotes":""},"categories":[2],"tags":[10],"class_list":["post-587","post","type-post","status-publish","format-standard","has-post-thumbnail","hentry","category-informe-municipal","tag-santa-fe"],"_links":{"self":[{"href":"http:\/\/argentinamunicipal.com.ar\/argentina\/wp-json\/wp\/v2\/posts\/587","targetHints":{"allow":["GET"]}}],"collection":[{"href":"http:\/\/argentinamunicipal.com.ar\/argentina\/wp-json\/wp\/v2\/posts"}],"about":[{"href":"http:\/\/argentinamunicipal.com.ar\/argentina\/wp-json\/wp\/v2\/types\/post"}],"author":[{"embeddable":true,"href":"http:\/\/argentinamunicipal.com.ar\/argentina\/wp-json\/wp\/v2\/users\/1"}],"replies":[{"embeddable":true,"href":"http:\/\/argentinamunicipal.com.ar\/argentina\/wp-json\/wp\/v2\/comments?post=587"}],"version-history":[{"count":0,"href":"http:\/\/argentinamunicipal.com.ar\/argentina\/wp-json\/wp\/v2\/posts\/587\/revisions"}],"wp:featuredmedia":[{"embeddable":true,"href":"http:\/\/argentinamunicipal.com.ar\/argentina\/wp-json\/wp\/v2\/media\/588"}],"wp:attachment":[{"href":"http:\/\/argentinamunicipal.com.ar\/argentina\/wp-json\/wp\/v2\/media?parent=587"}],"wp:term":[{"taxonomy":"category","embeddable":true,"href":"http:\/\/argentinamunicipal.com.ar\/argentina\/wp-json\/wp\/v2\/categories?post=587"},{"taxonomy":"post_tag","embeddable":true,"href":"http:\/\/argentinamunicipal.com.ar\/argentina\/wp-json\/wp\/v2\/tags?post=587"}],"curies":[{"name":"wp","href":"https:\/\/api.w.org\/{rel}","templated":true}]}}