{"id":5870,"date":"2014-04-16T07:11:10","date_gmt":"2014-04-16T10:11:10","guid":{"rendered":"http:\/\/argentinamunicipal.com.ar\/argentina\/?p=5870"},"modified":"2014-04-15T10:12:40","modified_gmt":"2014-04-15T13:12:40","slug":"lanzan-program-ar-para-incentivar-la-ensenanza-de-la-computacion","status":"publish","type":"post","link":"http:\/\/argentinamunicipal.com.ar\/argentina\/lanzan-program-ar-para-incentivar-la-ensenanza-de-la-computacion\/","title":{"rendered":"Lanzan Program.ar para incentivar la ense\u00f1anza de la computaci\u00f3n"},"content":{"rendered":"<p>&nbsp;<\/p>\n<p>La iniciativa Program.Ar que busca incentivar la ense\u00f1anza de la computaci\u00f3n en las escuelas de todo el pa\u00eds fue lanzada por la presidenta Cristina Fern\u00e1ndez de Kirchner.<\/p>\n<p>El objetivo de la iniciativa es darle a los chicos la posibilidad de aprender a programar para \u00abque utilicen su computadora no solo como una manera de asimilar conocimiento de forma tradicional sino que la vean como una herramienta que les va a permitir desarrollar su futuro en un \u00e1rea con desempleo cero\u00bb, dijo el ministro de Ciencia y Tecnolog\u00eda, Lino Bara\u00f1ao, durante el acto que se realiz\u00f3 a trav\u00e9s de una videoconferencia desde la Fundaci\u00f3n PUPI.<\/p>\n<p>En este marco, Bara\u00f1ao asegur\u00f3 que \u00abhoy en d\u00eda la mejor manera de poder ascender socialmente para cualquiera de estos chicos es el estudio de carreras relacionadas con la computaci\u00f3n\u00bb.<\/p>\n<p>La actividad comenz\u00f3 horas antes con un taller de programaci\u00f3n para 30 chicos de la localidad bonaerense de Lan\u00fas dictado por especialistas de la Fundaci\u00f3n Sadosky en el N\u00facleo de Acceso al Conocimiento (NAC) instalado en la Fundaci\u00f3n PUPI, una ONG creada por el futbolista Javier Zanetti que trabaja dentro del paradigma de la protecci\u00f3n de los derechos de los ni\u00f1os.<\/p>\n<p>Los NAC son espacios que ofrecen a todos los habitantes, igualdad de condiciones, conectividad y acceso a las nuevas Tecnolog\u00edas de la Informaci\u00f3n y la Comunicaci\u00f3n (TIC) para promover las habilidades digitales para el desarrollo de las personas y sus comunidades.<\/p>\n<p>Durante el acto, se record\u00f3 el centenario del nacimiento de Manuel Sadosky, creador de la primera carrera de Computador Cient\u00edfico en la regi\u00f3n.<\/p>\n<p>A ra\u00edz de eso se bautiz\u00f3 con su nombre a la Escuela T\u00e9cnica N\u00b08 de Mor\u00f3n y se anunci\u00f3 el env\u00edo de un proyecto de ley al Congreso para que declare al 13 de abril, fecha del nacimiento de Sadosky, como \u201cD\u00eda de la ense\u00f1anza de las ciencias de la computaci\u00f3n\u201d.<\/p>\n<p>Desde el a\u00f1o 2003, el Estado Nacional lleva adelante diferentes pol\u00edticas de inclusi\u00f3n digital y promoci\u00f3n de la computaci\u00f3n como la creaci\u00f3n de la Fundaci\u00f3n Sadosky del Ministerio de Ciencia, Tecnolog\u00eda e Innovaci\u00f3n Productiva; la inversi\u00f3n del Ministerio de Planificaci\u00f3n a trav\u00e9s de Argentina Conectada, la Televisi\u00f3n Digital Abierta y la instalaci\u00f3n de los NAC y la entrega de netbooks a alumnos y docentes de todo el pa\u00eds, de parte de la Anses y el Ministerio de Educaci\u00f3n.<\/p>\n<p>En este sentido, el director ejecutivo de la Anses, Diego Bossio, que tambi\u00e9n particip\u00f3 del acto, destac\u00f3 que \u00abhace s\u00f3lo cuatro a\u00f1os, la Presidenta de la Naci\u00f3n lanz\u00f3 el programa Conectar Igualdad, para que todos los chicos puedan tener su computadora. Hoy, con m\u00e1s de 3,8 millones de netbooks entregadas, queremos ayudar a mejorar el uso que les dan a esos equipos\u00bb.<\/p>\n<p>\u00abHacemos un gran esfuerzo todos los argentinos para acortar la brecha digital, trabajando para los m\u00e1s humildes. Llegamos a quienes m\u00e1s lo necesitan. Estamos plantando semillas, ense\u00f1\u00e1ndoles a los que reciben computadoras que aprendan a programar, y dentro de algunos a\u00f1os esas semillas van a florecer\u00bb, destac\u00f3.<\/p>\n<p>Es que el Ministerio de Ciencia promueve que las ciencias de la computaci\u00f3n est\u00e9n presentes en la formaci\u00f3n de la cultura general del pa\u00eds lo que permite ser usuarios cr\u00edticos de esas tecnolog\u00edas.<\/p>\n<p>\u00abDesarrollar lo que se conoce como `pensamiento computacional` puede contribuir a incrementar la capacidad de resoluci\u00f3n de problemas, el pensamiento l\u00f3gico, la capacidad de abstracci\u00f3n, al tiempo que estas tecnolog\u00edas brindan plataformas para desplegar la creatividad de los usuarios\u00bb, inform\u00f3 el Ministerio de Ciencia.<\/p>\n<p>De esta manera, Program.AR tiene el prop\u00f3sito de discutir y sensibilizar a la sociedad sobre la importancia de que estos conocimientos no sean exclusivos de un conjunto peque\u00f1o de ciudadanos.<\/p>\n<p>Con esta idea, \u00abse realizar\u00e1 un recorrido por todo el pa\u00eds para recoger distintas voces, tanto de especialistas del \u00e1mbito educativo, del sector privado, del tercer sector y del p\u00fablico en general que puedan aportar su visi\u00f3n acerca de c\u00f3mo deber\u00eda nuestro pa\u00eds encarar este desaf\u00edo\u00bb, inform\u00f3 la cartera cient\u00edfica.<\/p>\n<p>Participaron del lanzamiento el intendente de Lan\u00fas, Dar\u00edo D\u00edaz P\u00e9rez; la directora General Ejecutiva del Programa Conectar Igualdad, Silvina Gvirtz; el coordinador del Programa Conectar Igualdad, Pablo Pa\u00eds; el secretario de Justicia, Juli\u00e1n \u00c1lvarez; el ministro de la Producci\u00f3n, Ciencia y Tecnolog\u00eda de la provincia de Buenos Aires, Cristian Breitenstein; y el presidente de la Fundaci\u00f3n PUPI, Andr\u00e9s de la Fuente.<\/p>\n<h6>Fuente: T\u00e9lam<\/h6>\n","protected":false},"excerpt":{"rendered":"<p>&nbsp; La iniciativa Program.Ar que busca incentivar la ense\u00f1anza de la computaci\u00f3n en las escuelas de todo el pa\u00eds fue lanzada por la presidenta Cristina Fern\u00e1ndez de Kirchner. El objetivo de la iniciativa es darle a los chicos la posibilidad de aprender a programar para \u00abque utilicen su computadora no solo como una manera de<\/p>\n","protected":false},"author":1,"featured_media":0,"comment_status":"closed","ping_status":"closed","sticky":false,"template":"","format":"standard","meta":{"footnotes":""},"categories":[8],"tags":[21],"class_list":["post-5870","post","type-post","status-publish","format-standard","hentry","category-informe-nacional","tag-argentina"],"_links":{"self":[{"href":"http:\/\/argentinamunicipal.com.ar\/argentina\/wp-json\/wp\/v2\/posts\/5870","targetHints":{"allow":["GET"]}}],"collection":[{"href":"http:\/\/argentinamunicipal.com.ar\/argentina\/wp-json\/wp\/v2\/posts"}],"about":[{"href":"http:\/\/argentinamunicipal.com.ar\/argentina\/wp-json\/wp\/v2\/types\/post"}],"author":[{"embeddable":true,"href":"http:\/\/argentinamunicipal.com.ar\/argentina\/wp-json\/wp\/v2\/users\/1"}],"replies":[{"embeddable":true,"href":"http:\/\/argentinamunicipal.com.ar\/argentina\/wp-json\/wp\/v2\/comments?post=5870"}],"version-history":[{"count":0,"href":"http:\/\/argentinamunicipal.com.ar\/argentina\/wp-json\/wp\/v2\/posts\/5870\/revisions"}],"wp:attachment":[{"href":"http:\/\/argentinamunicipal.com.ar\/argentina\/wp-json\/wp\/v2\/media?parent=5870"}],"wp:term":[{"taxonomy":"category","embeddable":true,"href":"http:\/\/argentinamunicipal.com.ar\/argentina\/wp-json\/wp\/v2\/categories?post=5870"},{"taxonomy":"post_tag","embeddable":true,"href":"http:\/\/argentinamunicipal.com.ar\/argentina\/wp-json\/wp\/v2\/tags?post=5870"}],"curies":[{"name":"wp","href":"https:\/\/api.w.org\/{rel}","templated":true}]}}