{"id":58929,"date":"2017-02-01T07:15:18","date_gmt":"2017-02-01T10:15:18","guid":{"rendered":"http:\/\/argentinamunicipal.com.ar\/argentina\/?p=58929"},"modified":"2017-02-01T07:15:18","modified_gmt":"2017-02-01T10:15:18","slug":"la-construccion-sigue-sin-reaccionar","status":"publish","type":"post","link":"http:\/\/argentinamunicipal.com.ar\/argentina\/la-construccion-sigue-sin-reaccionar\/","title":{"rendered":"La construcci\u00f3n sigue sin reaccionar"},"content":{"rendered":"<p>La magnitud del derrumbe de la actividad de la construcci\u00f3n el a\u00f1o pasado no se registraba desde la crisis de 2002. No hubo ni un mes con se\u00f1ales de recuperaci\u00f3n respecto del mismo per\u00edodo de 2015. S\u00f3lo el rubro asfalto mejor\u00f3 al final del a\u00f1o.<\/p>\n<p>La actividad de la construcci\u00f3n cay\u00f3 7,8 por ciento en diciembre respecto del mismo mes del a\u00f1o pasado, al tiempo que acumul\u00f3 una baja del 12,7 por ciento en 2016. El sector no consigui\u00f3 recomponerse en la segunda parte del a\u00f1o y sigui\u00f3 perdiendo puestos de trabajo. El \u00faltimo informe de Indec registr\u00f3 que en noviembre hubo 415.287 empleados registrados en el sector, con una merma de 7,3 por ciento en relaci\u00f3n con igual mes del a\u00f1o pasado. La construcci\u00f3n, al igual que la industria, fueron actividades muy afectadas por la recesi\u00f3n del mercado interno en 2016.<\/p>\n<p>El a\u00f1o pasado la rama de la edificaci\u00f3n marc\u00f3 ca\u00eddas que no se ve\u00edan desde la crisis de 2002, tras el estallido de la convertibilidad. En enero del a\u00f1o pasado, el sector baj\u00f3 al 2,5 por ciento, en febrero lo hizo al 6,2 por ciento, en marzo al 6,8, en abril al 24,1, en mayo al 12,9, en junio al 19,6, en julio al 23,1, en agosto al 3,7, en septiembre al 13,1, en octubre al 19,2, en noviembre al 9,4 y en diciembre al 7,8. No hubo ni un mes con crecimiento interanual en 2016. La actividad de la construcci\u00f3n hab\u00eda acumulado entre enero y octubre de 2015 un crecimiento de 7 por ciento. El gobierno de Macri, tras declarar la emergencia estad\u00edstica, nunca public\u00f3 los datos de noviembre y diciembre de ese a\u00f1o.<\/p>\n<p>En el documento del Indec dejaron de informarse en forma desagregada los bloques que explicaron la ca\u00edda de la construcci\u00f3n en 2016. Sin embargo, se observaron tensiones en todos los rubros. En el caso de viviendas del sector privado, el desarme de programas como Procrear fue clave para explicar el menor incentivo para avanzar en nuevas edificaciones. En las obras viales y otras obras de infraestructura, las que se asocian a inversiones del sector p\u00fablico, se registr\u00f3 tambi\u00e9n un fuerte freno por el recorte del presupuesto en gastos de capital. Por eso asfalto marc\u00f3 un retroceso del 14,6 por ciento en 2016 \u00a0en relaci\u00f3n con 2015. Las obras petroleras, en tanto, anotaron dificultades por la baja del precio internacional del petr\u00f3leo, lo cual puso en suspenso el desarrollo de complejos como Vaca Muerta.<\/p>\n<p>La venta de insumos para la construcci\u00f3n fue otro de los indicadores que registr\u00f3 la floja performance de la actividad el a\u00f1o pasado. En diciembre hubo un retroceso del 16,2 por ciento en hierros redondos para hormig\u00f3n y se acumul\u00f3 una baja del 19,4 por ciento en todo 2016. En ladrillos huecos las ca\u00eddas fueron del 17,0 por ciento (-12,2 por ciento para 2016), en pinturas del -5,7 por ciento (-6,3), en pisos y revestimientos cer\u00e1micos -6,8 (-9,5) y en placas de yeso -15,1 (-6,8).<\/p>\n<p>En lo que refiere a cemento, se observ\u00f3 un avance de 0,7 por ciento en diciembre y un retroceso del 10,7 por ciento para el acumulado del 2016. No fue la primera vez que hubo un avance interanual de cemento. En agosto ya hab\u00eda subido y fue festejado por los funcionarios del Gobierno como el primer brote verde del segundo semestre. Pero en los meses siguientes volvi\u00f3 a caer y desacredit\u00f3 los pron\u00f3sticos oficiales de reactivaci\u00f3n para el mercado interno. Asfalto, en tanto, marc\u00f3 una suba del 62,8 por ciento el mes pasado y una contracci\u00f3n de 14,6 por ciento en todo 2016. El Gobierno reci\u00e9n reactivo la obra p\u00fablica, concentrada en repavimentaci\u00f3n y otras obras viales, en la \u00faltima parte del a\u00f1o, lo que explica el repunte de diciembre en asfalto.<\/p>\n<p>En noviembre de 2016, seg\u00fan el documento del Indec, hubo 415.287 empleados formales en el sector, cuando la cifra era de 448.078 trabajadores en igual mes del a\u00f1o anterior. Esto implica un recorte de personal de 32.791 obreros registrados, cifra que no tiene en cuenta los despidos de los trabajadores informales, quienes sufren en mayor medida el impacto de la crisis econ\u00f3mica. Una encuesta del centro de estad\u00edstica oficial revel\u00f3 que 68,2 por ciento de las constructoras consider\u00f3 que en el primer trimestre de 2017 la actividad del sector se mantendr\u00e1 o disminuir\u00e1 respecto de los niveles de 2016, mientras que el 31,8 por ciento restante cree que subir\u00e1. La obra p\u00fablica, seg\u00fan los empresarios, ser\u00eda el principal motor de la rama este a\u00f1o.<\/p>\n<h6>Fuente: P\u00e1gina 12<\/h6>\n","protected":false},"excerpt":{"rendered":"<p>La magnitud del derrumbe de la actividad de la construcci\u00f3n el a\u00f1o pasado no se registraba desde la crisis de 2002. No hubo ni un mes con se\u00f1ales de recuperaci\u00f3n respecto del mismo per\u00edodo de 2015. <\/p>\n","protected":false},"author":2,"featured_media":58930,"comment_status":"closed","ping_status":"closed","sticky":false,"template":"","format":"standard","meta":{"footnotes":""},"categories":[8],"tags":[21],"class_list":["post-58929","post","type-post","status-publish","format-standard","has-post-thumbnail","hentry","category-informe-nacional","tag-argentina"],"_links":{"self":[{"href":"http:\/\/argentinamunicipal.com.ar\/argentina\/wp-json\/wp\/v2\/posts\/58929","targetHints":{"allow":["GET"]}}],"collection":[{"href":"http:\/\/argentinamunicipal.com.ar\/argentina\/wp-json\/wp\/v2\/posts"}],"about":[{"href":"http:\/\/argentinamunicipal.com.ar\/argentina\/wp-json\/wp\/v2\/types\/post"}],"author":[{"embeddable":true,"href":"http:\/\/argentinamunicipal.com.ar\/argentina\/wp-json\/wp\/v2\/users\/2"}],"replies":[{"embeddable":true,"href":"http:\/\/argentinamunicipal.com.ar\/argentina\/wp-json\/wp\/v2\/comments?post=58929"}],"version-history":[{"count":0,"href":"http:\/\/argentinamunicipal.com.ar\/argentina\/wp-json\/wp\/v2\/posts\/58929\/revisions"}],"wp:featuredmedia":[{"embeddable":true,"href":"http:\/\/argentinamunicipal.com.ar\/argentina\/wp-json\/wp\/v2\/media\/58930"}],"wp:attachment":[{"href":"http:\/\/argentinamunicipal.com.ar\/argentina\/wp-json\/wp\/v2\/media?parent=58929"}],"wp:term":[{"taxonomy":"category","embeddable":true,"href":"http:\/\/argentinamunicipal.com.ar\/argentina\/wp-json\/wp\/v2\/categories?post=58929"},{"taxonomy":"post_tag","embeddable":true,"href":"http:\/\/argentinamunicipal.com.ar\/argentina\/wp-json\/wp\/v2\/tags?post=58929"}],"curies":[{"name":"wp","href":"https:\/\/api.w.org\/{rel}","templated":true}]}}