{"id":58932,"date":"2017-02-01T07:18:35","date_gmt":"2017-02-01T10:18:35","guid":{"rendered":"http:\/\/argentinamunicipal.com.ar\/argentina\/?p=58932"},"modified":"2017-02-01T07:18:35","modified_gmt":"2017-02-01T10:18:35","slug":"aumentos-tarifas-caera-consumo-subiran-los-costos","status":"publish","type":"post","link":"http:\/\/argentinamunicipal.com.ar\/argentina\/aumentos-tarifas-caera-consumo-subiran-los-costos\/","title":{"rendered":"Aumentos de Tarifas: Caer\u00e1 el consumo y subir\u00e1n los costos"},"content":{"rendered":"<p>La reacci\u00f3n de sectores empresarios frente a los aumentos, en especial pymes, fue de preocupaci\u00f3n. \u201cNo aguantamos mucho m\u00e1s.\u201d<\/p>\n<p>El diagn\u00f3stico es compartido en el heterog\u00e9neo empresariado argentino: el nuevo incremento en la tarifa el\u00e9ctrica profundizar\u00e1 la contracci\u00f3n del consumo interno y provocar\u00e1 una suba de costos que intentar\u00e1n trasladar a los precios. Los representantes del sector pyme advierten, adem\u00e1s, que ese escenario se conjuga con un proceso de apertura importadora que atenta contra la producci\u00f3n nacional. Las posiciones se bifurcan a la hora de proyectar escenarios durante 2017. Entidades como la C\u00e1mara Argentina de la Mediana Empresa (CAME) se presentan optimistas ante la posibilidad de una reactivaci\u00f3n, mientras que desde la Confederaci\u00f3n General Empresaria de la Rep\u00fablica Argentina (Cgera) o la Asociaci\u00f3n Pyme (Apyme) encienden se\u00f1ales de alarma sobre la evoluci\u00f3n del empleo industrial.<\/p>\n<p>\u201cEstamos frente a un combo muy complicado para las pymes y la producci\u00f3n nacional. Este fue el primer aumento pero vienen m\u00e1s en distintos servicios. Las subas se registran adem\u00e1s en un momento de ca\u00edda del mercado interno y apertura importadora. El panorama para las ventas y para sostener las fuentes de trabajo no es optimista en ninguno de los semestres de 2017. No vamos a poder aguantar mucho m\u00e1s si se sostiene esta combinaci\u00f3n de pol\u00edticas que atentan contra el coraz\u00f3n de la actividad industrial\u201d, indic\u00f3 ayer el directivo de Cgera y empresario marroquinero Ariel Aguilar.<\/p>\n<p>Eduardo Fern\u00e1ndez, presidente de Apyme, consider\u00f3 que los aumentos de entre 61 y 148 por ciento anunciados ayer \u201cquitar\u00e1n poder adquisitivo al mercado interno y afectar\u00e1n las ventas, pero adem\u00e1s sumar\u00e1 presi\u00f3n sobre los costos cuando no hay margen para trasladarlos a precios\u201d. El dirigente empresarial cordob\u00e9s advirti\u00f3 que \u201cnos ponen a competir con el resto del mundo en un contexto de aumento de costos y ca\u00edda de la demanda. Los principales beneficiados en este esquema son los sectores con estructuras monop\u00f3licas y las colocaciones financieras\u201d. Desde el Palacio de Hacienda reconocen que la apertura comercial complementa la estrategia oficial para contener las subas de precios. El a\u00f1o pasado se observaron crecientes importaciones de indumentaria, calzados, muebles, marroquiner\u00eda, electrodom\u00e9sticos y alimentos que desplazaron a productores locales y afectaron al empleo.<\/p>\n<p>\u201cEs entendible que el costo de la energ\u00eda deba reflejar su valor real pero esto impulsa la inflaci\u00f3n y hace menos competitiva la producci\u00f3n nacional. Este incremento es una se\u00f1al m\u00e1s y muy importante que va en sentido contrario de la reactivaci\u00f3n y vuelve esteril cualquier esfuerzo por ganar productividad\u201d, advirti\u00f3 ayer el presidente de la Fundaci\u00f3n Pro Tejer, Jorge Sorabilla.<\/p>\n<p>\u201cNuestra preocupaci\u00f3n es el impacto sobre las estructuras de costos en un escenario donde no despega el consumo. Los sectores pymes dependientes de energ\u00eda ser\u00e1n los m\u00e1s afectados. Aumentan costos que no se pueden trasladar a precios porque la demanda no lo acepta. Entonces atentan contra la rentabilidad\u201d, consider\u00f3 Vicente Lourenzo, de CAME.<\/p>\n<h6>Fuente: InfoCielo<\/h6>\n","protected":false},"excerpt":{"rendered":"<p>La reacci\u00f3n de sectores empresarios frente a los aumentos, en especial pymes, fue de preocupaci\u00f3n. \u201cNo aguantamos mucho m\u00e1s.\u201d<\/p>\n","protected":false},"author":2,"featured_media":58933,"comment_status":"closed","ping_status":"closed","sticky":false,"template":"","format":"standard","meta":{"footnotes":""},"categories":[8],"tags":[21],"class_list":["post-58932","post","type-post","status-publish","format-standard","has-post-thumbnail","hentry","category-informe-nacional","tag-argentina"],"_links":{"self":[{"href":"http:\/\/argentinamunicipal.com.ar\/argentina\/wp-json\/wp\/v2\/posts\/58932","targetHints":{"allow":["GET"]}}],"collection":[{"href":"http:\/\/argentinamunicipal.com.ar\/argentina\/wp-json\/wp\/v2\/posts"}],"about":[{"href":"http:\/\/argentinamunicipal.com.ar\/argentina\/wp-json\/wp\/v2\/types\/post"}],"author":[{"embeddable":true,"href":"http:\/\/argentinamunicipal.com.ar\/argentina\/wp-json\/wp\/v2\/users\/2"}],"replies":[{"embeddable":true,"href":"http:\/\/argentinamunicipal.com.ar\/argentina\/wp-json\/wp\/v2\/comments?post=58932"}],"version-history":[{"count":0,"href":"http:\/\/argentinamunicipal.com.ar\/argentina\/wp-json\/wp\/v2\/posts\/58932\/revisions"}],"wp:featuredmedia":[{"embeddable":true,"href":"http:\/\/argentinamunicipal.com.ar\/argentina\/wp-json\/wp\/v2\/media\/58933"}],"wp:attachment":[{"href":"http:\/\/argentinamunicipal.com.ar\/argentina\/wp-json\/wp\/v2\/media?parent=58932"}],"wp:term":[{"taxonomy":"category","embeddable":true,"href":"http:\/\/argentinamunicipal.com.ar\/argentina\/wp-json\/wp\/v2\/categories?post=58932"},{"taxonomy":"post_tag","embeddable":true,"href":"http:\/\/argentinamunicipal.com.ar\/argentina\/wp-json\/wp\/v2\/tags?post=58932"}],"curies":[{"name":"wp","href":"https:\/\/api.w.org\/{rel}","templated":true}]}}