{"id":58935,"date":"2017-02-01T07:21:20","date_gmt":"2017-02-01T10:21:20","guid":{"rendered":"http:\/\/argentinamunicipal.com.ar\/argentina\/?p=58935"},"modified":"2017-02-01T07:21:20","modified_gmt":"2017-02-01T10:21:20","slug":"insolito-macri-agradecio-la-comprension-la-tolerancia-los-tarifazos","status":"publish","type":"post","link":"http:\/\/argentinamunicipal.com.ar\/argentina\/insolito-macri-agradecio-la-comprension-la-tolerancia-los-tarifazos\/","title":{"rendered":"Ins\u00f3lito: Macri agradeci\u00f3 la \u00abcomprensi\u00f3n y la tolerancia\u00bb a los tarifazos"},"content":{"rendered":"<p>Esta tarde, el presidente Mauricio Macri se refiri\u00f3 a la suba en las tarifas el\u00e9ctricas anunciada por el ministro Aranguren y agradeci\u00f3 a los argentinos por \u00abla comprensi\u00f3n y tolerancia\u00bb.<\/p>\n<p>Luego de otro fuerte aumento de la tarifa de la luz anunciado por el Gobierno, el presidente Mauricio Macri se refiri\u00f3 a la medida y dedic\u00f3 varios minutos a justificar el \u00abtarifazo\u00bb y criticar la gesti\u00f3n del gobierno anterior.<\/p>\n<p>Esta tarde, durante el acto de firma de los convenios para impulsar la explotaci\u00f3n de Vaca Muerta, Macri ratific\u00f3 el anuncio del aumento de la tarifa el\u00e9ctrica y justific\u00f3 la medida afirmando que \u00abes el \u00fanico camino para tener energ\u00eda y crecer\u00bb.<\/p>\n<p>Tras reconocer que \u201cno es simp\u00e1tico anunciar aumentos\u201d, el presidente agradeci\u00f3 \u201cla comprensi\u00f3n y tolerancia de los argentinos\u201d, recordando una vez m\u00e1s su slogan de campa\u00f1a \u00abS\u00ed, se puede\u00bb.<\/p>\n<h6>Fuente: InfoCielo<\/h6>\n","protected":false},"excerpt":{"rendered":"<p>Esta tarde, el presidente Mauricio Macri se refiri\u00f3 a la suba en las tarifas el\u00e9ctricas anunciada por el ministro Aranguren y agradeci\u00f3 a los argentinos por \u00abla comprensi\u00f3n y tolerancia\u00bb.<\/p>\n","protected":false},"author":2,"featured_media":58936,"comment_status":"closed","ping_status":"closed","sticky":false,"template":"","format":"standard","meta":{"footnotes":""},"categories":[8],"tags":[21],"class_list":["post-58935","post","type-post","status-publish","format-standard","has-post-thumbnail","hentry","category-informe-nacional","tag-argentina"],"_links":{"self":[{"href":"http:\/\/argentinamunicipal.com.ar\/argentina\/wp-json\/wp\/v2\/posts\/58935","targetHints":{"allow":["GET"]}}],"collection":[{"href":"http:\/\/argentinamunicipal.com.ar\/argentina\/wp-json\/wp\/v2\/posts"}],"about":[{"href":"http:\/\/argentinamunicipal.com.ar\/argentina\/wp-json\/wp\/v2\/types\/post"}],"author":[{"embeddable":true,"href":"http:\/\/argentinamunicipal.com.ar\/argentina\/wp-json\/wp\/v2\/users\/2"}],"replies":[{"embeddable":true,"href":"http:\/\/argentinamunicipal.com.ar\/argentina\/wp-json\/wp\/v2\/comments?post=58935"}],"version-history":[{"count":0,"href":"http:\/\/argentinamunicipal.com.ar\/argentina\/wp-json\/wp\/v2\/posts\/58935\/revisions"}],"wp:featuredmedia":[{"embeddable":true,"href":"http:\/\/argentinamunicipal.com.ar\/argentina\/wp-json\/wp\/v2\/media\/58936"}],"wp:attachment":[{"href":"http:\/\/argentinamunicipal.com.ar\/argentina\/wp-json\/wp\/v2\/media?parent=58935"}],"wp:term":[{"taxonomy":"category","embeddable":true,"href":"http:\/\/argentinamunicipal.com.ar\/argentina\/wp-json\/wp\/v2\/categories?post=58935"},{"taxonomy":"post_tag","embeddable":true,"href":"http:\/\/argentinamunicipal.com.ar\/argentina\/wp-json\/wp\/v2\/tags?post=58935"}],"curies":[{"name":"wp","href":"https:\/\/api.w.org\/{rel}","templated":true}]}}