{"id":58983,"date":"2017-02-02T07:37:47","date_gmt":"2017-02-02T10:37:47","guid":{"rendered":"http:\/\/argentinamunicipal.com.ar\/argentina\/?p=58983"},"modified":"2017-02-02T07:37:47","modified_gmt":"2017-02-02T10:37:47","slug":"la-cgt-se-reune-hoy-evalua-lanzar-una-medida-fuerza","status":"publish","type":"post","link":"http:\/\/argentinamunicipal.com.ar\/argentina\/la-cgt-se-reune-hoy-evalua-lanzar-una-medida-fuerza\/","title":{"rendered":"La CGT se re\u00fane hoy y eval\u00faa lanzar una medida de fuerza"},"content":{"rendered":"<p>Schmid, uno de los titulares de la central, dijo que hay malestar con el gobierno y eval\u00faan suspender la participaci\u00f3n en la Mesa de Di\u00e1logo.<\/p>\n<p>El Consejo Directivo de la CGT se reunir\u00e1 hoy para analizar la situaci\u00f3n social y econ\u00f3mica del pa\u00eds y definir \u00abuna medida de fuerza\u00bb de \u00abac\u00e1 a marzo\u00bb ante lo que consideran el \u00abincumplimiento\u00bb por parte del sector empresario del \u00abacuerdo antidespidos\u00bb y la pasividad del gobierno nacional.<\/p>\n<p>As\u00ed lo adelant\u00f3 Juan Carlos Schmid, uno de los secretarios generales de la central sindical, quien argument\u00f3 que esta decisi\u00f3n es una respuesta a \u00ablos incumplimientos empresarios y la apat\u00eda del gobierno nacional para intervenir en esta oleada de despidos, suspensiones y atraso de salarios que est\u00e1 golpeando en diversos lugares\u00bb.<\/p>\n<p>La reuni\u00f3n fue convocada para las 14 en el hist\u00f3rico edificio de Azopardo al 800 y ser\u00e1 encabezada por los jefes del triunvirato que conduce la central sindical Carlos Acu\u00f1a, H\u00e9ctor Daer y Schmid.<\/p>\n<p>\u00abVamos a suspender nuestra participaci\u00f3n en el di\u00e1logo y seguramente el consejo directivo en el d\u00eda de ma\u00f1ana (por hoy) va a anunciar alguna reacci\u00f3n de la CGT de ac\u00e1 a marzo\u00bb, adelant\u00f3 Schmid.<\/p>\n<p>El dirigente explic\u00f3 que una de las razones que motivaron esta decisi\u00f3n es que \u00abtodo el acuerdo negociado de buena voluntad entre las partes se ha violentado\u00bb, en referencia al convenio firmado en noviembre pasado para evitar los despidos hasta marzo de este a\u00f1o.<\/p>\n<p>Los gremios del sector industrial ya anticiparon en una reuni\u00f3n del martes su malestar por los despidos y suspensiones que se sucedieron desde diciembre y un dirigente confes\u00f3 que \u00abel clima social se ha tornado demasiado tenso\u00bb, por lo que inst\u00f3 a \u00abiniciar un plan de acci\u00f3n con un paro nacional si las modificaciones no se dan\u00bb.<\/p>\n<p><strong>Sin arranque<\/strong><\/p>\n<p>La CGT unificada iniciar\u00e1 su agenda gremial con un abanico de reclamos, pero un tema prioritario es la situaci\u00f3n del empleo afectado por la ca\u00edda del consumo y una econom\u00eda que, seg\u00fan interpretan, \u00abno ha arrancado\u00bb.<\/p>\n<p>\u00abHay mucho malestar de los gremios con el gobierno por no haber respetado el acuerdo antidespidos\u00bb, resumi\u00f3 un vocero del triunvirato en referencia al acuerdo firmado en noviembre pasado en la Mesa de Di\u00e1logo por la Producci\u00f3n y el Trabajo.<\/p>\n<p>Asimismo apunt\u00f3 que en la CGT entienden que \u00ablos trabajadores ponen el hombro y los empresarios despiden\u00bb por lo que indic\u00f3 que \u00abel di\u00e1logo con el gobierno ahora si est\u00e1 frenado\u00bb, por lo menos hasta la reuni\u00f3n de hoy.<\/p>\n<p><strong>Agenda<\/strong><\/p>\n<p>Un dirigente sindical confirm\u00f3 que \u00abla prioridad de la agenda es el tema del empleo\u00bb y transmiti\u00f3 que existe \u00abmucho pesar\u00bb entre los gremialistas \u00abpor la pasividad del gobierno ante un tema muy grave desde fin de diciembre para la industria metal mec\u00e1nica, textil y del calzado que repercute tambi\u00e9n en los servicios\u00bb.<\/p>\n<p>\u00abEsta situaci\u00f3n tiene que ver con la apertura de las importaciones como tambi\u00e9n con que la econom\u00eda no ha arrancado, no se generaron las condiciones macroecon\u00f3micas para mejorar las condiciones del empleo\u00bb, grafic\u00f3.<\/p>\n<p>La reuni\u00f3n tambi\u00e9n servir\u00e1 para discutir el reciente decreto de necesidad y urgencia del presidente Mauricio Macri que modific\u00f3 la ley de Aseguradoras de Riesgos del Trabajo (ART) y que seg\u00fan anticiparon \u00abtendr\u00e1 muchos ataques judiciales por su modalidad y por el fondo del proyecto\u00bb.<\/p>\n<p>El temario de la reuni\u00f3n tambi\u00e9n incluye, entre otros planteos, el tratamiento de la intervenci\u00f3n que el Ministerio de Trabajo dispuso de la Federaci\u00f3n de Empleados de la Industria Azucarera (Feia), que se encuentra en concurso de acreedores desde 2000.<\/p>\n<h6>Fuente: La Capital Rosario<\/h6>\n","protected":false},"excerpt":{"rendered":"<p>Schmid, uno de los titulares de la central, dijo que hay malestar con el gobierno y eval\u00faan suspender la participaci\u00f3n en la Mesa de Di\u00e1logo.<\/p>\n","protected":false},"author":2,"featured_media":58984,"comment_status":"closed","ping_status":"closed","sticky":false,"template":"","format":"standard","meta":{"footnotes":""},"categories":[8],"tags":[21],"class_list":["post-58983","post","type-post","status-publish","format-standard","has-post-thumbnail","hentry","category-informe-nacional","tag-argentina"],"_links":{"self":[{"href":"http:\/\/argentinamunicipal.com.ar\/argentina\/wp-json\/wp\/v2\/posts\/58983","targetHints":{"allow":["GET"]}}],"collection":[{"href":"http:\/\/argentinamunicipal.com.ar\/argentina\/wp-json\/wp\/v2\/posts"}],"about":[{"href":"http:\/\/argentinamunicipal.com.ar\/argentina\/wp-json\/wp\/v2\/types\/post"}],"author":[{"embeddable":true,"href":"http:\/\/argentinamunicipal.com.ar\/argentina\/wp-json\/wp\/v2\/users\/2"}],"replies":[{"embeddable":true,"href":"http:\/\/argentinamunicipal.com.ar\/argentina\/wp-json\/wp\/v2\/comments?post=58983"}],"version-history":[{"count":0,"href":"http:\/\/argentinamunicipal.com.ar\/argentina\/wp-json\/wp\/v2\/posts\/58983\/revisions"}],"wp:featuredmedia":[{"embeddable":true,"href":"http:\/\/argentinamunicipal.com.ar\/argentina\/wp-json\/wp\/v2\/media\/58984"}],"wp:attachment":[{"href":"http:\/\/argentinamunicipal.com.ar\/argentina\/wp-json\/wp\/v2\/media?parent=58983"}],"wp:term":[{"taxonomy":"category","embeddable":true,"href":"http:\/\/argentinamunicipal.com.ar\/argentina\/wp-json\/wp\/v2\/categories?post=58983"},{"taxonomy":"post_tag","embeddable":true,"href":"http:\/\/argentinamunicipal.com.ar\/argentina\/wp-json\/wp\/v2\/tags?post=58983"}],"curies":[{"name":"wp","href":"https:\/\/api.w.org\/{rel}","templated":true}]}}