{"id":59025,"date":"2017-02-03T08:08:55","date_gmt":"2017-02-03T11:08:55","guid":{"rendered":"http:\/\/argentinamunicipal.com.ar\/argentina\/?p=59025"},"modified":"2017-02-03T08:08:55","modified_gmt":"2017-02-03T11:08:55","slug":"dialogo-esta-roto-gobierno-no-reacciona","status":"publish","type":"post","link":"http:\/\/argentinamunicipal.com.ar\/argentina\/dialogo-esta-roto-gobierno-no-reacciona\/","title":{"rendered":"\u201cEl di\u00e1logo est\u00e1 roto si el Gobierno no reacciona\u201d"},"content":{"rendered":"<p>\u201cEn defensa del trabajo y por paritarias libres\u201d, la central obrera convoc\u00f3 una manifestaci\u00f3n el 7 de marzo y una huelga en la segunda quincena.<\/p>\n<p>\u201cNos movilizamos en defensa del trabajo y la producci\u00f3n nacional, paritarias libres, convenios colectivos de trabajo, del sistema previsional y de salud, de la educaci\u00f3n, en contra de la flexibilizaci\u00f3n y del aumento indiscriminado de tarifas\u201d, ley\u00f3, papel en mano, H\u00e9ctor Daer, acompa\u00f1ado por los otros dos secretarios generales de la CGT, Juan Carlos Schmid y Carlos Acu\u00f1a. El triunvirato anunci\u00f3 una movilizaci\u00f3n para el 7 de marzo, y un paro general para \u201cla segunda quincena\u201d del mismo mes. Despu\u00e9s de casi cuatro horas de reuni\u00f3n, el consejo directivo de la CGT dio por terminada la luna de miel entre la central y el gobierno nacional, tras un a\u00f1o que incluy\u00f3 una ola de despidos de trabajadores estatales y del sector privado, cierres de empresas, tarifazos a los servicios, ajustes e inflaci\u00f3n.<\/p>\n<p>\u201cEs el inicio de un plan de lucha para que cumplan con los compromisos. No hay tiempo para el di\u00e1logo, la \u00fanica forma es que reviertan todo lo que est\u00e1n planteando\u201d, asegur\u00f3, categ\u00f3rico, Acu\u00f1a, desde la Federaci\u00f3n Mar\u00edtima Portuaria y Naval, que ofici\u00f3 de sede de la reuni\u00f3n del consejo de la CGT ante el corte de luz que sufri\u00f3 el hist\u00f3rico edificio de Azopardo 802. Tal y como lo hab\u00edan adelantado el mi\u00e9rcoles, en el c\u00f3nclave cegetista se defini\u00f3 tomar medidas de fuerza ante la situaci\u00f3n de crisis generada por las pol\u00edticas econ\u00f3micas de la alianza Cambiemos. \u201cEl di\u00e1logo est\u00e1 roto en la medida en que el Gobierno no reaccione y tenga otro enfoque econ\u00f3mico. Este gobierno sigue generando incertidumbre en los trabajadores, las tarifas siguen subiendo y eso est\u00e1 erosionando el poder adquisitivo del salario\u201d, apunt\u00f3 Schmid, cuando le toc\u00f3 el turno de hablar en el cuidadoso reparto entre los tres dirigentes para responder las preguntas de los periodistas.<\/p>\n<p>En el encuentro, los gremialistas acordaron las primeras medidas de fuerza contra las pol\u00edticas de ajuste que impulsa Macri desde su llegada a la Presidencia en diciembre del 2015. Establecieron tres puntos principales que informaron en un breve documento. \u201cNo participar m\u00e1s de las mesas de di\u00e1logo ante la falta de confianza con el Gobierno y mientras dure esta situaci\u00f3n cr\u00edtica con los empresarios\u201d, fue el primer punto, acordado r\u00e1pidamente. En segundo t\u00e9rmino, plantearon que se van a \u201cmovilizar con los gremios de la industria a la cabeza, el 7 de marzo, hacia el Ministerio de la Producci\u00f3n\u201d, \u201cen defensa del trabajo y la producci\u00f3n nacional, de paritarias libres, de los convenios colectivos de trabajo, del sistema previsional y la salud de la seguridad social, de la educaci\u00f3n, y en contra de la flexibilizaci\u00f3n y el aumento indiscriminado de tarifas\u201d. Adem\u00e1s, anunciaron un \u201cparo nacional y movilizaci\u00f3n para la segunda quincena de marzo\u201d, una huelga de 12 horas que comenzar\u00e1 \u201centre las 12 y 14\u201d. La idea ser\u00eda que se concrete el 30 de marzo, evocando la huelga de trabajadores de 1982, liderada por Sa\u00fal Ubaldini contra la dictadura c\u00edvico militar.<\/p>\n<p>El anuncio de las primeras medidas de fuerza contra el gobierno de Macri marca el final de una etapa en la que la CGT intent\u00f3 mostrar mesura y disposici\u00f3n a negociar, a la espera de un cambio en la econom\u00eda. En ese marco hab\u00edan participado de una mesa de di\u00e1logo tripartita, con funcionarios y empresarios. Uno de los primeros compromisos, en ese \u00e1mbito, fue el acta antidespidos, cuyo objetivo era detener la p\u00e9rdida de puestos de trabajo ante la baja del consumo, la apertura de las importaciones y otros factores. Pero la sangr\u00eda continu\u00f3 y eso, junto a la cercan\u00eda de las paritarias y los planes de flexibilizaci\u00f3n laboral que impulsa el Gobierno, termin\u00f3 de convencer a los sindicalistas de que la etapa del di\u00e1logo hab\u00eda finalizado.<\/p>\n<p>En la reuni\u00f3n de ayer participaron casi todos los miembros del consejo directivo. \u201cTodos los compa\u00f1eros ten\u00edan necesidad de hablar y explicar la realidad que est\u00e1n viviendo los trabajadores de sus gremios. Por eso se extendi\u00f3 el encuentro, para tener una visi\u00f3n integral de la mayor\u00eda de los sindicatos\u201d, explic\u00f3 a P\u00e1ginaI12 un dirigente que particip\u00f3 del c\u00f3nclave. Entre los pocos ausentes figuraron el estatal Andr\u00e9s Rodr\u00edguez, el dirigente de los trabajadores de la construcci\u00f3n Gerardo Mart\u00ednez y el l\u00edder del gremio de Comercio, Armando Cavalieri, quienes estaban de viaje, seg\u00fan se inform\u00f3.<\/p>\n<p>\u201cLos empresarios incumplieron las actas firmadas en la Mesa de Di\u00e1logo \u2013el pago del bono de 2 mil pesos a fin de a\u00f1o y el compromiso de no producir suspensiones y despidos\u2013, lo que gener\u00f3 falta de confianza y la decisi\u00f3n de no participar m\u00e1s\u201d, comenz\u00f3 se\u00f1alando Daer, que anticip\u00f3 adem\u00e1s que en la movilizaci\u00f3n del 7 de marzo participar\u00e1n los movimientos sociales \u201cen especial el (Movimiento) Evita\u201d. Luego fue el turno de Schmid: dijo que \u201cel Gobierno debe tener otro enfoque porque no hubo aciertos en la aplicaci\u00f3n de las medidas econ\u00f3micas. La CGT cuestiona muy dura y concretamente esas pol\u00edticas oficiales\u201d. Finalmente, Acu\u00f1a explic\u00f3 que \u201cya hubo mucho contacto, di\u00e1logo y reuniones con los funcionarios y nada se cumpli\u00f3, lo que demostr\u00f3 que todo lo firmado por el gobierno y los empresarios con el sindicalismo fue verborragia total. Est\u00e1n jugando en conjunto y eso atenta contra los intereses de los trabajadores, como en el caso de los bancarios, que obtuvieron un aumento paritario y la cartera de Trabajo se neg\u00f3 a homologarlo e impide su cobro\u201d. Mencion\u00f3 as\u00ed al gremio que encabeza Sergio Palazzo, uno de los que desde el mismo momento en que se unific\u00f3 la CGT reclama comenzar con la discusi\u00f3n de medidas de fuerza ante la proyecci\u00f3n de las pol\u00edticas macristas.<\/p>\n<p>Mientras Schmid plateaba que se iba a abrir el di\u00e1logo con \u201cla totalidad de los sectores agredidos por estas pol\u00edticas\u201d para ampliar la participaci\u00f3n de trabajadores en las medidas, la CTA de los Trabajadores que conduce el docente Hugo Yasky y la CTA Aut\u00f3noma del estatal Pablo Micheli ya tienen cita para debatir acciones en com\u00fan la semana que viene, donde podr\u00edan anunciar sumarse a la jornada cegetista.<\/p>\n<h6>Fuente: P\u00e1gina 12<\/h6>\n","protected":false},"excerpt":{"rendered":"<p>\u201cEn defensa del trabajo y por paritarias libres\u201d, la central obrera convoc\u00f3 una manifestaci\u00f3n el 7 de marzo y una huelga en la segunda quincena.<\/p>\n","protected":false},"author":2,"featured_media":59026,"comment_status":"closed","ping_status":"closed","sticky":false,"template":"","format":"standard","meta":{"footnotes":""},"categories":[8],"tags":[21],"class_list":["post-59025","post","type-post","status-publish","format-standard","has-post-thumbnail","hentry","category-informe-nacional","tag-argentina"],"_links":{"self":[{"href":"http:\/\/argentinamunicipal.com.ar\/argentina\/wp-json\/wp\/v2\/posts\/59025","targetHints":{"allow":["GET"]}}],"collection":[{"href":"http:\/\/argentinamunicipal.com.ar\/argentina\/wp-json\/wp\/v2\/posts"}],"about":[{"href":"http:\/\/argentinamunicipal.com.ar\/argentina\/wp-json\/wp\/v2\/types\/post"}],"author":[{"embeddable":true,"href":"http:\/\/argentinamunicipal.com.ar\/argentina\/wp-json\/wp\/v2\/users\/2"}],"replies":[{"embeddable":true,"href":"http:\/\/argentinamunicipal.com.ar\/argentina\/wp-json\/wp\/v2\/comments?post=59025"}],"version-history":[{"count":0,"href":"http:\/\/argentinamunicipal.com.ar\/argentina\/wp-json\/wp\/v2\/posts\/59025\/revisions"}],"wp:featuredmedia":[{"embeddable":true,"href":"http:\/\/argentinamunicipal.com.ar\/argentina\/wp-json\/wp\/v2\/media\/59026"}],"wp:attachment":[{"href":"http:\/\/argentinamunicipal.com.ar\/argentina\/wp-json\/wp\/v2\/media?parent=59025"}],"wp:term":[{"taxonomy":"category","embeddable":true,"href":"http:\/\/argentinamunicipal.com.ar\/argentina\/wp-json\/wp\/v2\/categories?post=59025"},{"taxonomy":"post_tag","embeddable":true,"href":"http:\/\/argentinamunicipal.com.ar\/argentina\/wp-json\/wp\/v2\/tags?post=59025"}],"curies":[{"name":"wp","href":"https:\/\/api.w.org\/{rel}","templated":true}]}}