{"id":59028,"date":"2017-02-03T08:12:47","date_gmt":"2017-02-03T11:12:47","guid":{"rendered":"http:\/\/argentinamunicipal.com.ar\/argentina\/?p=59028"},"modified":"2017-02-03T08:12:47","modified_gmt":"2017-02-03T11:12:47","slug":"el-techo-de-macri","status":"publish","type":"post","link":"http:\/\/argentinamunicipal.com.ar\/argentina\/el-techo-de-macri\/","title":{"rendered":"El techo de Macri"},"content":{"rendered":"<p>Para reducir el d\u00e9ficit, Macri dijo que el Gobierno est\u00e1 dispuesto a pagar aumentos salariales que s\u00f3lo cubran la inflaci\u00f3n y estim\u00f3 que \u00e9sta quedar\u00e1 debajo del 20 por ciento.<\/p>\n<p>\u201cEstamos dispuestos a pagar la inflaci\u00f3n, no podemos pagar por arriba\u201d, sentenci\u00f3 el presidente Mauricio Macri, con el prop\u00f3sito de marcar el techo del aumento salarial que el Gobierno espera fijarles a los gremios: debajo del 20 por ciento. Poco despu\u00e9s de esas palabras, la CGT anunciaba las primeras medidas de fuerza del a\u00f1o. \u201cEstamos propiciando la paritaria del Estado, despu\u00e9s, cada sector privado har\u00e1 su paritaria\u201d, asegur\u00f3 el Presidente. Eso s\u00ed, dijo que \u201centiende\u201d el descontento de los sindicatos. Macri, quien hab\u00eda hecho campa\u00f1a con la consigna de \u201cPobreza cero\u201d, prometi\u00f3 ahora que de la pobreza se va a salir en 20 a\u00f1os. Adem\u00e1s, sostuvo que no quiere que haya ministros que sean candidatos en las elecciones de este a\u00f1o.<\/p>\n<p>Con la ruptura del di\u00e1logo con los gremios en ciernes, Macri se mostr\u00f3 duro con los trabajadores. \u201cEl Gobierno est\u00e1 dispuesto a pagar en t\u00e9rminos de salario la inflaci\u00f3n, porque si no, el d\u00e9ficit p\u00fablico va a ser peor\u201d, asegur\u00f3. \u201cHay que entender que la Argentina tiene un problema severo, que es el nivel de pobreza, y una de las causantes de la pobreza ha sido la inflaci\u00f3n\u201d, asegur\u00f3 Macri. No hubo autocr\u00edtica sobre el crecimiento de la pobreza durante su primer a\u00f1o de mandato.<\/p>\n<p>Sobre la inflaci\u00f3n, que tambi\u00e9n tuvo un nivel r\u00e9cord el a\u00f1o pasado, Macri sostuvo: \u201cNos hemos comprometido a reducirla. El \u00faltimo semestre fue menos del 9 por ciento y aspiramos este a\u00f1o a tener una inflaci\u00f3n, en el a\u00f1o, debajo del 20 por ciento\u201d. Se sabe que la promesa de \u201cPobreza cero\u201d que hizo en la campa\u00f1a ya qued\u00f3 en el olvido. No obstante, ayer Macri le puso fecha al final de los pobres en la Argentina: \u201cHace falta crecer 20 a\u00f1os para sacar a todo los argentinos de la pobreza\u201d, asegur\u00f3. \u201cHace falta crecer y se puede, si trabajamos de esta manera, juntos, escuch\u00e1ndonos, diciendo la verdad, comprometiendo cosas que sean cumplibles. Esa confianza es una fuerza arrolladora, que moviliza a todo un pa\u00eds, como lo est\u00e1 movilizando hoy; entonces espero que nos sigamos encontrando, para demostrar que las cosas a las que nos estamos comprometiendo se cumplen\u201d, indic\u00f3 en el barrio Nueva Esperanza de la capital de Santa Fe, donde estuvo acompa\u00f1ado por el gobernador socialista Miguel Lifschitz, el intendente radical Jos\u00e9 Corral y el titular del gremio de peones rurales, Ger\u00f3nimo \u201cMomo\u201d Venegas.<\/p>\n<p>El Presidente tambi\u00e9n se refiri\u00f3 a las inundaciones en esa provincia, las cuales coment\u00f3 como si no tuviera responsabilidad: \u201cEl problema no se termina cuando el agua se va, al contrario, los problemas se quedan y ah\u00ed es cuando apreciamos con mayor claridad el dolor que nos provocan las consecuencias que tiene el agua. Detr\u00e1s de cada inundaci\u00f3n hay una vivienda que se pierde, hay una familia que sufre, hay un campo que se abandona, porque el agua arrasa con todos los medios de trabajo y eso ocasiona mayor pobreza, mayor frustraci\u00f3n, por eso justamente cuando el agua se va es donde todos tenemos que encontrarnos en el terreno\u201d, indic\u00f3.<\/p>\n<p>Macri sostuvo que, en Santa Fe, \u201cson d\u00e9cadas de obras de las cuales se habla y no se han hecho\u201d. \u201cLas obras no pueden nunca m\u00e1s comenzar y nunca terminar, las obras no pueden ser otra cosa que fuente de alegr\u00eda, de esperanza, de futuro, nunca m\u00e1s sin\u00f3nimo de corrupci\u00f3n, nunca m\u00e1s ligadas al robo, a la frustraci\u00f3n, a la mentira. Las obras tienen que comenzar y terminar en los plazos que han sido comprometidas\u201d, afirm\u00f3 Macri, continuando con el tono de campa\u00f1a.<\/p>\n<p>El Presidente tambi\u00e9n expres\u00f3 su preferencia porque sus ministros no sean candidatos esta a\u00f1o. \u201cYo priorizo mucho responderle a la gente. Yo preferir\u00eda que se queden todos en sus tareas. Necesito que haya velocidad en la resoluci\u00f3n de los problemas\u201d, sostuvo.<\/p>\n<p>Macri aprovech\u00f3 que compart\u00eda el acto con Corral, titular de la UCR, para comentar que le gustar\u00eda que compita en las elecciones santafesinas. \u201cTiene un enorme compromiso como intendente de Santa Fe, pero la verdad que ser\u00eda bueno para Cambiemos en Santa Fe que \u00e9l asumiese ese rol pero todav\u00eda no se habl\u00f3\u201d, afirm\u00f3.<\/p>\n<p>El Presidente no se mostr\u00f3 muy proclive a que haya primarias para definir los candidatos de la alianza electoral, aunque tampoco cerr\u00f3 la puerta: \u201cDepende el lugar, la situaci\u00f3n, las PASO son una herramienta, puede ser que sirva para dilucidar cu\u00e1l es el candidato que tiene m\u00e1s apoyo para representar a Cambiemos en cada distrito. No hay que estar cerrado\u201d.<\/p>\n<h6>Fuente: P\u00e1gina 12<\/h6>\n","protected":false},"excerpt":{"rendered":"<p>Para reducir el d\u00e9ficit, Macri dijo que el Gobierno est\u00e1 dispuesto a pagar aumentos salariales que s\u00f3lo cubran la inflaci\u00f3n y estim\u00f3 que \u00e9sta quedar\u00e1 debajo del 20 por ciento.<\/p>\n","protected":false},"author":2,"featured_media":59029,"comment_status":"closed","ping_status":"closed","sticky":false,"template":"","format":"standard","meta":{"footnotes":""},"categories":[8],"tags":[21],"class_list":["post-59028","post","type-post","status-publish","format-standard","has-post-thumbnail","hentry","category-informe-nacional","tag-argentina"],"_links":{"self":[{"href":"http:\/\/argentinamunicipal.com.ar\/argentina\/wp-json\/wp\/v2\/posts\/59028","targetHints":{"allow":["GET"]}}],"collection":[{"href":"http:\/\/argentinamunicipal.com.ar\/argentina\/wp-json\/wp\/v2\/posts"}],"about":[{"href":"http:\/\/argentinamunicipal.com.ar\/argentina\/wp-json\/wp\/v2\/types\/post"}],"author":[{"embeddable":true,"href":"http:\/\/argentinamunicipal.com.ar\/argentina\/wp-json\/wp\/v2\/users\/2"}],"replies":[{"embeddable":true,"href":"http:\/\/argentinamunicipal.com.ar\/argentina\/wp-json\/wp\/v2\/comments?post=59028"}],"version-history":[{"count":0,"href":"http:\/\/argentinamunicipal.com.ar\/argentina\/wp-json\/wp\/v2\/posts\/59028\/revisions"}],"wp:featuredmedia":[{"embeddable":true,"href":"http:\/\/argentinamunicipal.com.ar\/argentina\/wp-json\/wp\/v2\/media\/59029"}],"wp:attachment":[{"href":"http:\/\/argentinamunicipal.com.ar\/argentina\/wp-json\/wp\/v2\/media?parent=59028"}],"wp:term":[{"taxonomy":"category","embeddable":true,"href":"http:\/\/argentinamunicipal.com.ar\/argentina\/wp-json\/wp\/v2\/categories?post=59028"},{"taxonomy":"post_tag","embeddable":true,"href":"http:\/\/argentinamunicipal.com.ar\/argentina\/wp-json\/wp\/v2\/tags?post=59028"}],"curies":[{"name":"wp","href":"https:\/\/api.w.org\/{rel}","templated":true}]}}