{"id":59034,"date":"2017-02-03T06:18:29","date_gmt":"2017-02-03T09:18:29","guid":{"rendered":"http:\/\/argentinamunicipal.com.ar\/argentina\/?p=59034"},"modified":"2017-02-03T08:21:03","modified_gmt":"2017-02-03T11:21:03","slug":"apaga-la-tele-dice-aranguren","status":"publish","type":"post","link":"http:\/\/argentinamunicipal.com.ar\/argentina\/apaga-la-tele-dice-aranguren\/","title":{"rendered":"Apag\u00e1 la tele, dice Aranguren"},"content":{"rendered":"<p>Limitar el uso de la televisi\u00f3n a cuatro horas diarias, al igual que la PC. Reemplazar los artefactos por unidades nuevas. Las ense\u00f1anzas del ministro para bajar el consumo el\u00e9ctrico y ser eficientes.<\/p>\n<p>El Ministerio de Energ\u00eda public\u00f3 un instructivo para estimular el consumo eficiente de energ\u00eda el\u00e9ctrica. Supone, por ejemplo, que la televisi\u00f3n y la computadora no est\u00e9n prendidas m\u00e1s de cuatro horas por d\u00eda y que el aire acondicionado no funcione los fines de semana. Y la clave del consumo eficiente ser\u00eda tener l\u00e1mparas de bajo consumo y electrodom\u00e9sticos relativamente nuevos. Este \u00faltimo punto choca con varias de las pol\u00edticas econ\u00f3micas oficiales: desde la retracci\u00f3n del poder adquisitivo por la inflaci\u00f3n hasta la reciente iniciativa de Precios Transparentes, que encareci\u00f3 los productos de l\u00ednea blanca para la compra en cuotas, la modalidad m\u00e1s usual utilizada para la adquisici\u00f3n de esos bienes.<\/p>\n<p>\u201cTodo lo que estamos haciendo es para tener m\u00e1s energ\u00eda, para tener m\u00e1s f\u00e1bricas y m\u00e1s trabajo y as\u00ed reducir la pobreza. Hacemos esto porque es absolutamente necesario, si hubiera alguna alternativa a los aumentos yo la hubiese aplicado. Estamos sincerando lo que vale la energ\u00eda. Con estos aumentos reci\u00e9n llegamos al 47 por ciento del valor que cuesta generar la energ\u00eda. No queremos que las empresas vendan m\u00e1s gas o electricidad, sino que se consuma menos. No estamos haciendo algo loco\u201d, defendi\u00f3 ayer el presidente, Mauricio Macri, la nueva suba de las tarifas el\u00e9ctricas.<\/p>\n<p>El Gobierno comunic\u00f3 el aumento de la energ\u00eda mayorista para todo el pa\u00eds y detall\u00f3 que en el caso de Edesur y Edenor los aumentos van del 60 al 148 por ciento seg\u00fan la categor\u00eda de consumo el\u00e9ctrico. El 83 por ciento de los usuarios afrontar\u00e1n una suba m\u00e1xima por mes de 183 pesos. En la visi\u00f3n oficial, adem\u00e1s de afrontar el deterioro del poder adquisitivo, los usuarios deber\u00edan modificar h\u00e1bitos de consumo en pos de la eficiencia energ\u00e9tica. El Ministerio de Energ\u00eda public\u00f3 sus sugerencias: el supuesto de entrada es que el aire acondicionado est\u00e9 prendido 4 horas por d\u00eda 22 d\u00edas al mes y que la televisi\u00f3n se encienda 4 horas diarias, igual que la laptop. Tambi\u00e9n estima que la heladera permanece prendida todo el d\u00eda, el microondas 10 minutos diarios, el lavarropas se utiliza en tres lavados semanales y que hay 9 l\u00e1mparas encendidas 4 horas por d\u00eda.<\/p>\n<p>\u201cEl consumo ineficiente de energ\u00eda de una familia tipo es equivalente a 300 kw\/h por mes. Pero el gasto es la mitad si lo hace de manera eficiente en lo que son l\u00e1mparas y televisores o los electrodom\u00e9sticos\u201d, dijo ayer el ministro de Energ\u00eda, Juan Jos\u00e9 Aranguren en declaraciones radiales.<\/p>\n<p>El Gobierno considera que la gran diferencia para alcanzar el consumo eficiente la hacen las l\u00e1mparas de bajo consumo y LED en reemplazo de las l\u00e1mparas hal\u00f3genas de 75 watts. En segundo lugar, una \u201ccasa ineficiente\u201d tiene electrodom\u00e9sticos de m\u00e1s de diez a\u00f1os de antig\u00fcedad, frente a la \u201cheladera, lavarropas y aire acondicionado clase A de eficiencia energ\u00e9tica\u201d. En tercer lugar, consume menos electricidad una TV LED de 40 pulgadas que un televisor de tubo de 29 pulgadas. La sugerencia es curiosa, en un contexto econ\u00f3mico de desincentivo a la compra de bienes durables a partir de la ca\u00edda del salario real y el encarecimiento de los precios para las ventas financiadas en cuotas.<\/p>\n<h6>Fuente: P\u00e1gina 12<\/h6>\n","protected":false},"excerpt":{"rendered":"<p>Limitar el uso de la televisi\u00f3n a cuatro horas diarias, al igual que la PC. Reemplazar los artefactos por unidades nuevas. Las ense\u00f1anzas del ministro para bajar el consumo el\u00e9ctrico y ser eficientes.<\/p>\n","protected":false},"author":2,"featured_media":59035,"comment_status":"closed","ping_status":"closed","sticky":false,"template":"","format":"standard","meta":{"footnotes":""},"categories":[8],"tags":[21],"class_list":["post-59034","post","type-post","status-publish","format-standard","has-post-thumbnail","hentry","category-informe-nacional","tag-argentina"],"_links":{"self":[{"href":"http:\/\/argentinamunicipal.com.ar\/argentina\/wp-json\/wp\/v2\/posts\/59034","targetHints":{"allow":["GET"]}}],"collection":[{"href":"http:\/\/argentinamunicipal.com.ar\/argentina\/wp-json\/wp\/v2\/posts"}],"about":[{"href":"http:\/\/argentinamunicipal.com.ar\/argentina\/wp-json\/wp\/v2\/types\/post"}],"author":[{"embeddable":true,"href":"http:\/\/argentinamunicipal.com.ar\/argentina\/wp-json\/wp\/v2\/users\/2"}],"replies":[{"embeddable":true,"href":"http:\/\/argentinamunicipal.com.ar\/argentina\/wp-json\/wp\/v2\/comments?post=59034"}],"version-history":[{"count":0,"href":"http:\/\/argentinamunicipal.com.ar\/argentina\/wp-json\/wp\/v2\/posts\/59034\/revisions"}],"wp:featuredmedia":[{"embeddable":true,"href":"http:\/\/argentinamunicipal.com.ar\/argentina\/wp-json\/wp\/v2\/media\/59035"}],"wp:attachment":[{"href":"http:\/\/argentinamunicipal.com.ar\/argentina\/wp-json\/wp\/v2\/media?parent=59034"}],"wp:term":[{"taxonomy":"category","embeddable":true,"href":"http:\/\/argentinamunicipal.com.ar\/argentina\/wp-json\/wp\/v2\/categories?post=59034"},{"taxonomy":"post_tag","embeddable":true,"href":"http:\/\/argentinamunicipal.com.ar\/argentina\/wp-json\/wp\/v2\/tags?post=59034"}],"curies":[{"name":"wp","href":"https:\/\/api.w.org\/{rel}","templated":true}]}}