{"id":59096,"date":"2017-02-08T06:45:06","date_gmt":"2017-02-08T09:45:06","guid":{"rendered":"http:\/\/argentinamunicipal.com.ar\/argentina\/?p=59096"},"modified":"2017-02-08T06:45:06","modified_gmt":"2017-02-08T09:45:06","slug":"las-suspensiones-despidos-crecieron-152-ciento-enero","status":"publish","type":"post","link":"http:\/\/argentinamunicipal.com.ar\/argentina\/las-suspensiones-despidos-crecieron-152-ciento-enero\/","title":{"rendered":"Las suspensiones y despidos crecieron 1,52 por ciento en enero"},"content":{"rendered":"<p>Un informe del Centro de Econom\u00eda Pol\u00edtica Argentina (Cepa) indica que, comparado con diciembre, el mes pasado se deterior\u00f3 el empleo.<\/p>\n<p>La cantidad de despidos y suspensiones aument\u00f3 en enero 1,52 por ciento en relaci\u00f3n a diciembre, seg\u00fan un informe del Centro de Econom\u00eda Pol\u00edtica Argentina (Cepa)<\/p>\n<p>\u00abAl 31 de enero de 2017 se contabilizan 245.466 despidos y suspensiones. Esta cifra indica un incremento de 1,52 por ciento del relevamiento presentado al 31 de diciembre que hab\u00eda arrojado un total de 241.774 despidos y suspensiones acumulados desde diciembre de 2015\u00bb, indic\u00f3.<\/p>\n<p>El informe destac\u00f3 que \u00abel aumento en enero fue de 3.692 casos, una cantidad sensiblemente menor a la de los meses anteriores\u00bb, y se\u00f1al\u00f3 que \u00abel 98 por ciento de los casos (3.617) corresponden al sector privado y s\u00f3lo el 2 por ciento(75 casos) al sector p\u00fablico\u00bb.<\/p>\n<p>El estudio puntualiz\u00f3 que en enero \u00ablos despedidos ascienden a 205.697 y los suspendidos a 39.769 casos\u00bb, y detall\u00f3 que los desempleados del sector privado \u00abascienden a 131.072\u00bb mientras que las suspensiones \u00absuman 39.739\u00bb.<\/p>\n<p>Al respecto, precis\u00f3 que \u00abla participaci\u00f3n del sector privado en t\u00e9rminos de despidos y suspensiones sobre el total tuvo un avance de 0,43 puntos porcentuales en enero\u00bb.<\/p>\n<p>\u00abAl interior del sector privado se evidencia nuevamente un incremento en la participaci\u00f3n del sector industrial sobre el total de despidos y suspensiones\u00bb, remarc\u00f3.<\/p>\n<p>En ese sentido, especific\u00f3 que en el caso de la industria se contabilizaron \u00ab2.751 despidos y suspensiones adicionales en enero\u00bb, o sea un alza de 3,13 por ciento contra diciembre y \u00abmostrando continuidad con respecto a los meses anteriores\u00bb.<\/p>\n<p>El an\u00e1lisis advirti\u00f3 que \u00absi bien la industria se vio aquejada desde el inicio del proceso de expulsi\u00f3n de trabajadores en el mercado de trabajo, es desde septiembre \u00faltimo que se ve particularmente afectada\u00bb.<\/p>\n<p>Seg\u00fan detall\u00f3, dentro de la industria, encabezan el ranking de despidos y suspensiones acumulados desde diciembre de 2015: \u00abla rama metal\u00fargica, con 17.567 despedidos y suspensiones; el sector textil, con 3.752 despidos y 11.820 suspensiones; el sector automotriz con 9.410 bajas laborales (al que deben complementarse 1.514 trabajadores despedidos y suspendidos en y 364 despidos y 1.800 suspensiones en el sector neum\u00e1tico); el sector petrolero con 8.117 casos; electr\u00f3nica y electrodom\u00e9sticos, con 5.123 despidos y 2.870 suspensiones de trabajadores y el sector alimenticio con 7.469 despidos y suspensiones\u00bb.<\/p>\n<p>\u00abEstas actividades suman el 77 por ciento de los despidos y suspensiones entre diciembre 2015 y enero 2016\u00bb, concluy\u00f3.<\/p>\n<h6>Fuente: La Capital Rosario<\/h6>\n","protected":false},"excerpt":{"rendered":"<p>Un informe del Centro de Econom\u00eda Pol\u00edtica Argentina (Cepa) indica que, comparado con diciembre, el mes pasado se deterior\u00f3 el empleo.<\/p>\n","protected":false},"author":2,"featured_media":59097,"comment_status":"closed","ping_status":"closed","sticky":false,"template":"","format":"standard","meta":{"footnotes":""},"categories":[8],"tags":[21],"class_list":["post-59096","post","type-post","status-publish","format-standard","has-post-thumbnail","hentry","category-informe-nacional","tag-argentina"],"_links":{"self":[{"href":"http:\/\/argentinamunicipal.com.ar\/argentina\/wp-json\/wp\/v2\/posts\/59096","targetHints":{"allow":["GET"]}}],"collection":[{"href":"http:\/\/argentinamunicipal.com.ar\/argentina\/wp-json\/wp\/v2\/posts"}],"about":[{"href":"http:\/\/argentinamunicipal.com.ar\/argentina\/wp-json\/wp\/v2\/types\/post"}],"author":[{"embeddable":true,"href":"http:\/\/argentinamunicipal.com.ar\/argentina\/wp-json\/wp\/v2\/users\/2"}],"replies":[{"embeddable":true,"href":"http:\/\/argentinamunicipal.com.ar\/argentina\/wp-json\/wp\/v2\/comments?post=59096"}],"version-history":[{"count":0,"href":"http:\/\/argentinamunicipal.com.ar\/argentina\/wp-json\/wp\/v2\/posts\/59096\/revisions"}],"wp:featuredmedia":[{"embeddable":true,"href":"http:\/\/argentinamunicipal.com.ar\/argentina\/wp-json\/wp\/v2\/media\/59097"}],"wp:attachment":[{"href":"http:\/\/argentinamunicipal.com.ar\/argentina\/wp-json\/wp\/v2\/media?parent=59096"}],"wp:term":[{"taxonomy":"category","embeddable":true,"href":"http:\/\/argentinamunicipal.com.ar\/argentina\/wp-json\/wp\/v2\/categories?post=59096"},{"taxonomy":"post_tag","embeddable":true,"href":"http:\/\/argentinamunicipal.com.ar\/argentina\/wp-json\/wp\/v2\/tags?post=59096"}],"curies":[{"name":"wp","href":"https:\/\/api.w.org\/{rel}","templated":true}]}}