{"id":59099,"date":"2017-02-08T06:47:11","date_gmt":"2017-02-08T09:47:11","guid":{"rendered":"http:\/\/argentinamunicipal.com.ar\/argentina\/?p=59099"},"modified":"2017-02-08T06:47:11","modified_gmt":"2017-02-08T09:47:11","slug":"marcha-atras-las-art","status":"publish","type":"post","link":"http:\/\/argentinamunicipal.com.ar\/argentina\/marcha-atras-las-art\/","title":{"rendered":"Marcha atr\u00e1s con las ART"},"content":{"rendered":"<p>Para evitar la derrota en el Congreso, que hoy rechazar\u00eda el decreto de necesidad y urgencia que modific\u00f3 la Ley de Accidentes de Trabajo (ART), el presidente Mauricio Macri ten\u00eda previsto firmar anoche la convocatoria a sesiones extraordinarias para retomar el tratamiento parlamentario del proyecto que ya tiene media sanci\u00f3n del Senado.<\/p>\n<p>La decisi\u00f3n se tom\u00f3 despu\u00e9s de varias negociaciones entre el oficialismo y el Frente Renovador, por lo que el Ejecutivo aspira a aprobar la ley con el mismo esp\u00edritu que el presidente Macri plasm\u00f3 en el decreto.<\/p>\n<p>Hoy est\u00e1 convocada la reuni\u00f3n de la comisi\u00f3n bicameral que revisa los DNU, que preside el diputado kirchnerista Marcos Cleri. All\u00ed existe un consenso mayoritario (que inclu\u00eda al Frente Renovador) para rechazar el DNU que modific\u00f3 la ley de ART. Las centrales sindicales (la CGT y los dos sectores de la CTA), as\u00ed como las c\u00e1maras empresarias, est\u00e1n invitadas para que se pronuncien sobre el decreto presidencial.<\/p>\n<p>Ayer por la noche la convocatoria a la bicameral se manten\u00eda en pie, a pesar de que desde el propio oficialismo admit\u00edan que las sesiones extraordinarias para tratar el proyecto se realizar\u00edan la semana pr\u00f3xima. De esta manera, el Gobierno busca apaciguar las posibles consecuencias de una derrota parlamentaria y avanzar con el tr\u00e1mite legislativo que el propio Macri abort\u00f3, ahora con la certeza de contar con el apoyo de la \u201coposici\u00f3n responsable\u201d.<\/p>\n<h6>Fuente: P\u00e1gina12<\/h6>\n","protected":false},"excerpt":{"rendered":"<p>Para evitar la derrota en el Congreso, que hoy rechazar\u00eda el decreto de necesidad y urgencia que modific\u00f3 la Ley de Accidentes de Trabajo (ART), el presidente Mauricio Macri ten\u00eda previsto firmar anoche la convocatoria a sesiones extraordinarias <\/p>\n","protected":false},"author":2,"featured_media":59100,"comment_status":"closed","ping_status":"closed","sticky":false,"template":"","format":"standard","meta":{"footnotes":""},"categories":[8],"tags":[21],"class_list":["post-59099","post","type-post","status-publish","format-standard","has-post-thumbnail","hentry","category-informe-nacional","tag-argentina"],"_links":{"self":[{"href":"http:\/\/argentinamunicipal.com.ar\/argentina\/wp-json\/wp\/v2\/posts\/59099","targetHints":{"allow":["GET"]}}],"collection":[{"href":"http:\/\/argentinamunicipal.com.ar\/argentina\/wp-json\/wp\/v2\/posts"}],"about":[{"href":"http:\/\/argentinamunicipal.com.ar\/argentina\/wp-json\/wp\/v2\/types\/post"}],"author":[{"embeddable":true,"href":"http:\/\/argentinamunicipal.com.ar\/argentina\/wp-json\/wp\/v2\/users\/2"}],"replies":[{"embeddable":true,"href":"http:\/\/argentinamunicipal.com.ar\/argentina\/wp-json\/wp\/v2\/comments?post=59099"}],"version-history":[{"count":0,"href":"http:\/\/argentinamunicipal.com.ar\/argentina\/wp-json\/wp\/v2\/posts\/59099\/revisions"}],"wp:featuredmedia":[{"embeddable":true,"href":"http:\/\/argentinamunicipal.com.ar\/argentina\/wp-json\/wp\/v2\/media\/59100"}],"wp:attachment":[{"href":"http:\/\/argentinamunicipal.com.ar\/argentina\/wp-json\/wp\/v2\/media?parent=59099"}],"wp:term":[{"taxonomy":"category","embeddable":true,"href":"http:\/\/argentinamunicipal.com.ar\/argentina\/wp-json\/wp\/v2\/categories?post=59099"},{"taxonomy":"post_tag","embeddable":true,"href":"http:\/\/argentinamunicipal.com.ar\/argentina\/wp-json\/wp\/v2\/tags?post=59099"}],"curies":[{"name":"wp","href":"https:\/\/api.w.org\/{rel}","templated":true}]}}