{"id":59102,"date":"2017-02-08T06:50:38","date_gmt":"2017-02-08T09:50:38","guid":{"rendered":"http:\/\/argentinamunicipal.com.ar\/argentina\/?p=59102"},"modified":"2017-02-08T06:50:38","modified_gmt":"2017-02-08T09:50:38","slug":"terror-la-industria","status":"publish","type":"post","link":"http:\/\/argentinamunicipal.com.ar\/argentina\/terror-la-industria\/","title":{"rendered":"De terror para la industria"},"content":{"rendered":"<p>Macri y Temer quedaron descolocados con la decisi\u00f3n de Estados Unidos de bajarse del Tratado Transpac\u00edfico. Ahora apuestan a un acuerdo de libre comercio con la Uni\u00f3n Europea, que pondr\u00eda en riesgo la producci\u00f3n fabril. El comercio bilateral, en su peor momento.<\/p>\n<p>La visita del presidente Mauricio Macri a su par brasile\u00f1o Michel Temer se produjo en un contexto de econom\u00edas en ca\u00edda en ambos pa\u00edses, con la relaci\u00f3n comercial en su peor momento en d\u00e9cadas. A esto se suma la fallida intenci\u00f3n de incorporar el Mercosur al Tratado Transpac\u00edfico, interrumpido con la llegada de Donald Trump a la presidencia de Estados Unidos. En su reemplazo, la apuesta de ambos mandatarios parecer\u00eda ser negociar con la Eurozona, pero existen varias asimetr\u00edas entre ambos pa\u00edses y respecto de ese bloque que har\u00eda imposible un acuerdo que no conlleve un importante sacrificio de la industria nacional. De todos modos, para los analistas consultados por este diario se trata de una se\u00f1al de simple posicionamiento pol\u00edtico, como sucedi\u00f3 en la d\u00e9cada del 90. En el caso de la relaci\u00f3n bilateral, los dos a\u00f1os y medio de fuerte recesi\u00f3n brasile\u00f1a, sin perspectivas de recuperaci\u00f3n, suma tambi\u00e9n interrogantes respecto del riesgo de que Argentina sea arrastrada a una crisis a\u00fan m\u00e1s pronunciada.<\/p>\n<p>El ministro de Hacienda, Nicol\u00e1s Dujovne, asegur\u00f3 ayer que \u201cla integraci\u00f3n econ\u00f3mica con Brasil es clave para fortalecer el Mercosur\u201d. Pero esa relaci\u00f3n est\u00e1 en su peor momento. El intercambio de bienes el a\u00f1o pasado alcanz\u00f3 los 22.506 millones de d\u00f3lares, el nivel m\u00e1s bajo de los \u00faltimos diez a\u00f1os, seg\u00fan datos del Ministerio de Industria y Comercio Exterior de Brasil. Por su parte, la participaci\u00f3n del pa\u00eds vecino en el comercio exterior argentino es la m\u00e1s baja desde la creaci\u00f3n del Mercosur, de acuerdo con un relevamiento de la C\u00e1mara Argentina de Comercio y Servicios (CAC). La incidencia el a\u00f1o pasado fue del 20 por ciento, la m\u00e1s baja de los \u00faltimos 25 a\u00f1os. Y en materia de inversiones, Brasil ocupa el cuarto puesto, con el 6,5 por ciento y 6715 millones de d\u00f3lares, detr\u00e1s de Estados Unidos, Espa\u00f1a y Holanda.<\/p>\n<p>Esta situaci\u00f3n se combina con una fuerte crisis pol\u00edtica en Brasil, junto a un fuerte plan de ajuste. \u201cNo veo que Brasil tenga un problema fiscal, sino que se lo argumenta para hacer un ajuste fiscal motivado por un posicionamiento virulento de un clase social alta contra los avances sociales de los \u00faltimos a\u00f1os\u201d, se\u00f1al\u00f3 a P\u00e1ginaI12 el economista y polit\u00f3logo Eduardo Crespo. \u201cEsta situaci\u00f3n de descomposici\u00f3n social se conjuga con una crisis pol\u00edtica monumental, en la que no se sabe si su presidente no termina preso\u201d, agreg\u00f3 el especialista. Para Crespo, la apuesta argentina a un despegue de la econom\u00eda brasile\u00f1a es un error. \u201cEn estos momentos est\u00e1n pensando m\u00e1s en privatizar universidades que en un proceso de recuperaci\u00f3n\u201d, se\u00f1al\u00f3. El economista en jefe de la Uni\u00f3n Industrial Argentina, Diego Coatz, sostuvo que ante ese escenario \u201cla Argentina debe evitar ser arrastrada por la capacidad ociosa de la industria brasile\u00f1a\u201d. \u201cCualquier acuerdo coyuntural no debe obstaculizar la visi\u00f3n de largo plazo\u201d, advirti\u00f3.<\/p>\n<p>Sin embargo, la visi\u00f3n expuesta tanto por Macri como por Temer es hacia una mayor apertura comercial, en busca de las tan ansiadas inversiones. En ese sentido, el presidente argentino hab\u00eda anticipado que buscar\u00eda sumarse al acuerdo Transpac\u00edfico, mientras que el canciller brasile\u00f1o Jos\u00e9 Serra hab\u00eda se\u00f1alado su idea de desarticular el Mercosur. Sin embargo, la aparici\u00f3n de Trump en escena cambi\u00f3 todo el mapa geoecon\u00f3mico y ambos mandatarios analizan alternativas, entre las que podr\u00eda ser un acuerdo con el bloque del Mercosur.<\/p>\n<p>\u201cUna negociaci\u00f3n entre Mercosur y Uni\u00f3n Europea es problem\u00e1tica y va a generar un mayor costo y sacrificio para nuestras econom\u00edas\u201d, detall\u00f3 la ex subsecretaria de Comercio Exterior, Paula Espa\u00f1ol. La economista alert\u00f3 respecto al riesgo de que ambos pa\u00edses acent\u00faen su idea de inserci\u00f3n internacional. \u201cHay dos problemas graves: c\u00f3mo insertarse y qu\u00e9 ofrecerle a una econom\u00eda tan proteccionista como la europea; y a qu\u00e9 costo\u201d, agreg\u00f3 la titular de la consultora Radar. Sobre esta posibilidad, Alejandro Fiorito, economista y docente de la Universidad de Luj\u00e1n, remarc\u00f3 que \u201cla Argentina no tiene nada que ofrecer a la Uni\u00f3n Europea que est\u00e9n dispuestos a comprar\u201d. \u201cSon acuerdos de posicionamiento pol\u00edtico, como en los noventa. Se busca hacer buena letra a la espera de que haya un derrame geopol\u00edtico\u201d, agrega Fiorito, para quien \u201cno hay que firmar nada\u201d. \u201cEstos acuerdos para lo \u00fanico que sirven es para garantizar a pa\u00edses centrales que puedan realizar mayores ventas\u201d, sum\u00f3 el economista.<\/p>\n<p>El riesgo de una estrategia \u00fanica de apertura comercial es que se acent\u00fae la restricci\u00f3n cambiaria y que esa situaci\u00f3n se busque compensar, como hasta ahora, con emisi\u00f3n de deuda. \u201cTe van a tener que terminar prestando plata para que les compres. Por lo tanto, tampoco es sostenible en d\u00f3lares. Es lo contrario a lo que habr\u00eda que hacer: sostener el mercado interno y generar divisas\u201d, sostuvo Fiorito. \u201cAbrir el comercio no implica exportar m\u00e1s, sino que importes m\u00e1s y desaparezcan cosas que se producen ac\u00e1, generes desempleo para reducir salarios. Ellos apuestan a ese cambio cultural\u201d, asegur\u00f3 en referencia al plan de \u201creconversi\u00f3n\u201d que promueve el gobierno argentino.<\/p>\n<p>La idea de disciplinar a los trabajadores en materia salarial generando un ej\u00e9rcito de reservas de desempleados es compartida por ambos mandatarios. Pero el problema, adem\u00e1s del impacto negativo en la industria interna, no s\u00f3lo es Trump sino tambi\u00e9n el reordenamiento en Uni\u00f3n Europea a partir de la salida del Reino Unido de ese bloque. \u201cLo de Macri y Temer con el acuerdo Transpac\u00edfico era una idea de inserci\u00f3n neoliberal en un contexto en donde se empieza a desarmar. Y no por una simple oposici\u00f3n nacionalista o populista sino por el propio Estados Unidos. En tanto, la Uni\u00f3n Europea se encuentra en un proceso de desarmado y de descomposici\u00f3n con la salida de Reino Unido. Ac\u00e1 el problema es que adem\u00e1s de todo, est\u00e1n llegando tarde\u201d, concluy\u00f3 Crespo.<\/p>\n<h6>Fuente: P\u00e1gina 12<\/h6>\n","protected":false},"excerpt":{"rendered":"<p>Macri y Temer quedaron descolocados con la decisi\u00f3n de Estados Unidos de bajarse del Tratado Transpac\u00edfico. Ahora apuestan a un acuerdo de libre comercio con la Uni\u00f3n Europea, que pondr\u00eda en riesgo la producci\u00f3n fabril.<\/p>\n","protected":false},"author":2,"featured_media":59103,"comment_status":"closed","ping_status":"closed","sticky":false,"template":"","format":"standard","meta":{"footnotes":""},"categories":[8],"tags":[21],"class_list":["post-59102","post","type-post","status-publish","format-standard","has-post-thumbnail","hentry","category-informe-nacional","tag-argentina"],"_links":{"self":[{"href":"http:\/\/argentinamunicipal.com.ar\/argentina\/wp-json\/wp\/v2\/posts\/59102","targetHints":{"allow":["GET"]}}],"collection":[{"href":"http:\/\/argentinamunicipal.com.ar\/argentina\/wp-json\/wp\/v2\/posts"}],"about":[{"href":"http:\/\/argentinamunicipal.com.ar\/argentina\/wp-json\/wp\/v2\/types\/post"}],"author":[{"embeddable":true,"href":"http:\/\/argentinamunicipal.com.ar\/argentina\/wp-json\/wp\/v2\/users\/2"}],"replies":[{"embeddable":true,"href":"http:\/\/argentinamunicipal.com.ar\/argentina\/wp-json\/wp\/v2\/comments?post=59102"}],"version-history":[{"count":0,"href":"http:\/\/argentinamunicipal.com.ar\/argentina\/wp-json\/wp\/v2\/posts\/59102\/revisions"}],"wp:featuredmedia":[{"embeddable":true,"href":"http:\/\/argentinamunicipal.com.ar\/argentina\/wp-json\/wp\/v2\/media\/59103"}],"wp:attachment":[{"href":"http:\/\/argentinamunicipal.com.ar\/argentina\/wp-json\/wp\/v2\/media?parent=59102"}],"wp:term":[{"taxonomy":"category","embeddable":true,"href":"http:\/\/argentinamunicipal.com.ar\/argentina\/wp-json\/wp\/v2\/categories?post=59102"},{"taxonomy":"post_tag","embeddable":true,"href":"http:\/\/argentinamunicipal.com.ar\/argentina\/wp-json\/wp\/v2\/tags?post=59102"}],"curies":[{"name":"wp","href":"https:\/\/api.w.org\/{rel}","templated":true}]}}